{"id":346572,"date":"2024-02-16T12:19:10","date_gmt":"2024-02-16T11:19:10","guid":{"rendered":"https:\/\/www.radioluna.it\/news\/?p=346572"},"modified":"2024-02-16T12:19:10","modified_gmt":"2024-02-16T11:19:10","slug":"formia-minturno-la-gianotrail-2024-passa-dal-sentiero-del-crinale","status":"publish","type":"post","link":"https:\/\/www.radioluna.it\/news\/2024\/02\/formia-minturno-la-gianotrail-2024-passa-dal-sentiero-del-crinale\/","title":{"rendered":"La Gianotrail 2024 passa dal Sentiero del Crinale"},"content":{"rendered":"<div id=\"fb-root\"><\/div>\n<p style=\"text-align: justify;\"><strong>FORMIA<\/strong> &#8211; Come vuole la tradizione, il \u201cGrande Slam Natalino Nocera\u201d ripartir\u00e0 dal Gianotrail, la suggestiva gara podistica all\u2019interno del Parco di Gianola e Monte di Scauri, inserito nel Parco Regionale Riviera d\u2019Ulisse. La 32esima edizione del fitto calendario di corse targate Uisp avr\u00e0 inizio domenica 18 febbraio con la manifestazione organizzata dall\u2019Atletica Olimpic Marina del presidente Franco Morlando.<\/p>\n<p style=\"text-align: justify;\"><strong>PIU&#8217; RIPIDA E DIRETTA<\/strong> &#8211; Quest\u2019anno si \u00e8 arrivati alla tredicesima edizione di un evento caratterizzato da un percorso affascinante, leggermente variato rispetto al passato grazie alla disponibilit\u00e0 del \u201cSentiero del Crinale\u201d: accedendo alla zona costiera e prima di tornare nel bosco si affronter\u00e0 una salita impegnativa ma decisamente stimolante per gli atleti. Bisogner\u00e0 fare i conti con tratti particolarmente fangosi, vista la pioggia dei giorni scorsi, e andranno attraversati sentieri stretti con l\u2019insidia di qualche pietra di troppo sul fondo. Sar\u00e0 quindi un percorso pi\u00f9 difficile ma allo stesso tempo pi\u00f9 lineare e veloce, caratteristiche sempre ben gradite dai podisti. Anche per questo si \u00e8 subito registrato il sold out nelle iscrizioni, con la soglia dei 250 iscritti subito raggiunta.<\/p>\n<p>Il ritrovo \u00e8 fissato dunque per domenica alle 8 all\u2019Ecopoint del Parco di Gianola, mentre lo start scatter\u00e0 alle 10 e un\u2019ora dopo prender\u00e0 il via la passeggiata. Ulteriori informazioni sul sito uisplatina.it<\/p>\n<p style=\"text-align: justify;\">Ci sar\u00e0 anche la camminata sportiva di 7 chilometri, coordinata dagli specialisti Laura Pesce e Michele Tomao.<\/p>\n<p style=\"text-align: justify;\">Le premiazioni riguarderanno come di consueto le prime tre societ\u00e0, i primi tre e le prime tre della classifica generale, i primi tre delle categorie maschili e le prime 30 donne classificate oltre il podio degli assoluti.<\/p>\n<p>L\u2019organizzazione del Gianotrail ha ricevuto il contributo dell\u2019Ente Parco Riviera d&#8217;Ulisse, dei Comuni di Formia e Minturno, della Pro Loco e della Protezione Civile di Minturno e naturalmente di tanti volontari.<\/p>\n<p>&nbsp;<\/p>\n","protected":false},"excerpt":{"rendered":"<p>FORMIA &#8211; Come vuole la tradizione, il \u201cGrande Slam Natalino Nocera\u201d ripartir\u00e0 dal Gianotrail, la suggestiva gara podistica all\u2019interno del Parco di Gianola e Monte di Scauri, inserito nel Parco Regionale Riviera d\u2019Ulisse. La 32esima edizione del fitto calendario di corse targate Uisp avr\u00e0 inizio domenica 18 febbraio con la manifestazione organizzata dall\u2019Atletica Olimpic Marina [&hellip;]<\/p>\n","protected":false},"author":5430,"featured_media":346573,"comment_status":"open","ping_status":"open","sticky":false,"template":"","format":"standard","meta":{"footnotes":""},"categories":[16,734],"tags":[],"class_list":["post-346572","post","type-post","status-publish","format-standard","has-post-thumbnail","hentry","category-appuntamenti","category-evidenza"],"_links":{"self":[{"href":"https:\/\/www.radioluna.it\/news\/wp-json\/wp\/v2\/posts\/346572","targetHints":{"allow":["GET"]}}],"collection":[{"href":"https:\/\/www.radioluna.it\/news\/wp-json\/wp\/v2\/posts"}],"about":[{"href":"https:\/\/www.radioluna.it\/news\/wp-json\/wp\/v2\/types\/post"}],"author":[{"embeddable":true,"href":"https:\/\/www.radioluna.it\/news\/wp-json\/wp\/v2\/users\/5430"}],"replies":[{"embeddable":true,"href":"https:\/\/www.radioluna.it\/news\/wp-json\/wp\/v2\/comments?post=346572"}],"version-history":[{"count":1,"href":"https:\/\/www.radioluna.it\/news\/wp-json\/wp\/v2\/posts\/346572\/revisions"}],"predecessor-version":[{"id":346574,"href":"https:\/\/www.radioluna.it\/news\/wp-json\/wp\/v2\/posts\/346572\/revisions\/346574"}],"wp:featuredmedia":[{"embeddable":true,"href":"https:\/\/www.radioluna.it\/news\/wp-json\/wp\/v2\/media\/346573"}],"wp:attachment":[{"href":"https:\/\/www.radioluna.it\/news\/wp-json\/wp\/v2\/media?parent=346572"}],"wp:term":[{"taxonomy":"category","embeddable":true,"href":"https:\/\/www.radioluna.it\/news\/wp-json\/wp\/v2\/categories?post=346572"},{"taxonomy":"post_tag","embeddable":true,"href":"https:\/\/www.radioluna.it\/news\/wp-json\/wp\/v2\/tags?post=346572"}],"curies":[{"name":"wp","href":"https:\/\/api.w.org\/{rel}","templated":true}]}}