{"id":346700,"date":"2024-02-19T14:29:24","date_gmt":"2024-02-19T13:29:24","guid":{"rendered":"https:\/\/www.radioluna.it\/news\/?p=346700"},"modified":"2024-02-20T10:59:03","modified_gmt":"2024-02-20T09:59:03","slug":"i-ragazzi-indipendenti-di-casa-diaphora-latina-festeggiano-tiziano-ferro","status":"publish","type":"post","link":"https:\/\/www.radioluna.it\/news\/2024\/02\/i-ragazzi-indipendenti-di-casa-diaphora-latina-festeggiano-tiziano-ferro\/","title":{"rendered":"I ragazzi indipendenti di Casa Diaphor\u00e0 Latina festeggiano Tiziano Ferro"},"content":{"rendered":"<div id=\"fb-root\"><\/div>\n<p style=\"text-align: justify;\"><strong>LATINA<\/strong> &#8211; Dopo quattro anni di vita indipendente, un gruppo di ragazzi della Diaphor\u00e0 di Latina \u00e8 pronto a ideare, proporre e organizzare un proprio evento aperto a tutta la comunit\u00e0. L&#8217;idea \u00e8 una diretta Facebook con karaoke per festeggiare il compleanno di Tiziano Ferro, cantando insieme le sue canzoni. Mossi da un&#8217;autentica passione per il cantautore di Latina, Mirco e Federico, aiutati dai loro amici, hanno presentato il progetto all&#8217;associazione di cui fanno parte, chiesto il via libera, e ottenuto un convinto (e commosso) &#8220;s\u00ec&#8221;. La loro iniziativa \u00e8 stata poi lanciata sui social con un post.<\/p>\n<p style=\"text-align: justify;\">&#8220;Ciao a tutti siamo Mirco e Federico dell\u2019 Associazione Diaphor\u00e0\u2026 Noi e i nostri amici, i ragazzi del 4 anno di Vita indipendente, vogliamo festeggiare il compleanno del nostro cantante preferito Tiziano Ferro in diretta Facebook! siete invitati tutti a collegarvi Gioved\u00ec 22 Febbraio 2024 ore 19:30 sul mio profilo: Mirco Feliciangeli. Non mancate ci divertiremo tantissimo insieme&#8221;.<\/p>\n<p style=\"text-align: justify;\">&#8220;Che cosa desiderare di pi\u00f9, la realt\u00e0 che supera l&#8217;immaginazione,\u00a0 hanno fatto tutto da soli &#8211; commenta il past-president di Diaphor\u00e0 Bruno Mucci, che si \u00e8 trovato davanti alla locandina realizzata dal gruppo dei &#8220;veterani&#8221; del progetto di Vita Indipendente per il quale l&#8217;associazione ha lavorato molto e che oggi \u00e8 realt\u00e0 &#8211;\u00a0 Siamo felicissimi, stiamo realizzando un sogno&#8221;.<\/p>\n<p style=\"text-align: justify;\">Un obiettivo raggiunto dopo 18 anni di attivit\u00e0 anche grazie alla costituzione di Casa Diaphor\u00e0 &#8211;\u00a0 sede fisica inaugurata il 4 dicembre del 2022\u00a0 &#8211; preceduta e accompagnata da una vera e propria &#8220;Accademia delle Autonomie&#8221;, un percorso formativo che sta permettendo ai ragazzi con disabilit\u00e0, pi\u00f9 maturi e pronti, di sperimentare la convivenza e l&#8217;autonomia. L&#8217;evento &#8220;Musica e karaoke&#8221; \u00e8 la prova che tutto sta funzionando.<\/p>\n<p style=\"text-align: justify;\">\n","protected":false},"excerpt":{"rendered":"<p>LATINA &#8211; Dopo quattro anni di vita indipendente, un gruppo di ragazzi della Diaphor\u00e0 di Latina \u00e8 pronto a ideare, proporre e organizzare un proprio evento aperto a tutta la comunit\u00e0. L&#8217;idea \u00e8 una diretta Facebook con karaoke per festeggiare il compleanno di Tiziano Ferro, cantando insieme le sue canzoni. Mossi da un&#8217;autentica passione per [&hellip;]<\/p>\n","protected":false},"author":62,"featured_media":346701,"comment_status":"open","ping_status":"open","sticky":false,"template":"","format":"standard","meta":{"footnotes":""},"categories":[735,734],"tags":[],"class_list":["post-346700","post","type-post","status-publish","format-standard","has-post-thumbnail","hentry","category-attualita","category-evidenza"],"_links":{"self":[{"href":"https:\/\/www.radioluna.it\/news\/wp-json\/wp\/v2\/posts\/346700","targetHints":{"allow":["GET"]}}],"collection":[{"href":"https:\/\/www.radioluna.it\/news\/wp-json\/wp\/v2\/posts"}],"about":[{"href":"https:\/\/www.radioluna.it\/news\/wp-json\/wp\/v2\/types\/post"}],"author":[{"embeddable":true,"href":"https:\/\/www.radioluna.it\/news\/wp-json\/wp\/v2\/users\/62"}],"replies":[{"embeddable":true,"href":"https:\/\/www.radioluna.it\/news\/wp-json\/wp\/v2\/comments?post=346700"}],"version-history":[{"count":2,"href":"https:\/\/www.radioluna.it\/news\/wp-json\/wp\/v2\/posts\/346700\/revisions"}],"predecessor-version":[{"id":346703,"href":"https:\/\/www.radioluna.it\/news\/wp-json\/wp\/v2\/posts\/346700\/revisions\/346703"}],"wp:featuredmedia":[{"embeddable":true,"href":"https:\/\/www.radioluna.it\/news\/wp-json\/wp\/v2\/media\/346701"}],"wp:attachment":[{"href":"https:\/\/www.radioluna.it\/news\/wp-json\/wp\/v2\/media?parent=346700"}],"wp:term":[{"taxonomy":"category","embeddable":true,"href":"https:\/\/www.radioluna.it\/news\/wp-json\/wp\/v2\/categories?post=346700"},{"taxonomy":"post_tag","embeddable":true,"href":"https:\/\/www.radioluna.it\/news\/wp-json\/wp\/v2\/tags?post=346700"}],"curies":[{"name":"wp","href":"https:\/\/api.w.org\/{rel}","templated":true}]}}