{"id":346720,"date":"2024-02-19T16:22:21","date_gmt":"2024-02-19T15:22:21","guid":{"rendered":"https:\/\/www.radioluna.it\/news\/?p=346720"},"modified":"2024-02-21T07:07:56","modified_gmt":"2024-02-21T06:07:56","slug":"latina-a-gonfie-vele-da-progetto-a-cantiere-giovedi-la-firma-del-contratto-per-i-lavori","status":"publish","type":"post","link":"https:\/\/www.radioluna.it\/news\/2024\/02\/latina-a-gonfie-vele-da-progetto-a-cantiere-giovedi-la-firma-del-contratto-per-i-lavori\/","title":{"rendered":"A Gonfie Vele, da progetto a cantiere: gioved\u00ec la firma del contratto per i lavori"},"content":{"rendered":"<div id=\"fb-root\"><\/div>\n<p style=\"text-align: justify;\"><strong>LATINA &#8211;<\/strong> Il progetto &#8220;A Gonfie Vele&#8221; che, grazie ai fondi del Pnrr, prover\u00e0 cambiare radicalmente, riqualificandolo e offrendo nuovi servizi, il complesso delle Vele a Latina, sta per diventare cantiere. Parte infatti l&#8217;intervento per la rigenerazione urbana del quartiere q4 e dello scheletro noto come ex Icos, presentato a finanziamento ad aprile del 2021 e risultato vincitore del bando per la Qualit\u00e0 dell\u2019Abitare del Ministero per le infrastrutture e i Trasporti a luglio dello stesso anno. Ad agosto scorso, poi, l\u2019attuale commissario Ater Enrico Dellapiet\u00e0 aveva annunciato l&#8217;affidamento dei lavori per la realizzazione del progetto.<\/p>\n<p style=\"text-align: justify;\">La firma \u00e8 in programma gioved\u00ec 22 febbraio alle 11 presso la sede dell&#8217;Ater in via Curtatone, alla presenza della sindaca di Latina, Matilde Celentano, in rappresentanza del Comune titolare del progetto e di Enrico Dellapiet\u00e0, presidente di Ater che gestir\u00e0 l&#8217;intervento per conto del Comune. Si tratta dell&#8217;azione pi\u00f9 significativa di rigenerazione urbana della citt\u00e0 superando la separazione tra parti della citt\u00e0 tagliata dalla Pontina, che sar\u00e0 ricongiunta con un ponte ciclo pedonale e il recupero dell&#8217;edificio dell&#8217;ex Icos.<\/p>\n<p style=\"text-align: justify;\">L&#8217;idea progettuale riguarda la realizzazione di edificio polifunzionale (al posto dello scheletro che sar\u00e0 demolito), che ospiter\u00e0 un asilo nido, un centro sociale per anziani e non,\u00a0 un presidio della Polizia di Stato, un presidio territoriale della ASL di Latina, una nuova biblioteca comunale di quartiere e alloggi per il co-housing, oltre a nuovi parcheggi. In origine \u00e8 stata prevista anche la realizzazione di 39 alloggi per l\u2019housing sociale ed una cavea per attivit\u00e0 teatrali all\u2019aperto da realizzare nei lotti 46 e 47 dell\u2019Ater di Latina.<\/p>\n<p>&nbsp;<\/p>\n","protected":false},"excerpt":{"rendered":"<p>LATINA &#8211; Il progetto &#8220;A Gonfie Vele&#8221; che, grazie ai fondi del Pnrr, prover\u00e0 cambiare radicalmente, riqualificandolo e offrendo nuovi servizi, il complesso delle Vele a Latina, sta per diventare cantiere. Parte infatti l&#8217;intervento per la rigenerazione urbana del quartiere q4 e dello scheletro noto come ex Icos, presentato a finanziamento ad aprile del 2021 [&hellip;]<\/p>\n","protected":false},"author":62,"featured_media":326986,"comment_status":"open","ping_status":"open","sticky":false,"template":"","format":"standard","meta":{"footnotes":""},"categories":[735],"tags":[],"class_list":["post-346720","post","type-post","status-publish","format-standard","has-post-thumbnail","hentry","category-attualita"],"_links":{"self":[{"href":"https:\/\/www.radioluna.it\/news\/wp-json\/wp\/v2\/posts\/346720","targetHints":{"allow":["GET"]}}],"collection":[{"href":"https:\/\/www.radioluna.it\/news\/wp-json\/wp\/v2\/posts"}],"about":[{"href":"https:\/\/www.radioluna.it\/news\/wp-json\/wp\/v2\/types\/post"}],"author":[{"embeddable":true,"href":"https:\/\/www.radioluna.it\/news\/wp-json\/wp\/v2\/users\/62"}],"replies":[{"embeddable":true,"href":"https:\/\/www.radioluna.it\/news\/wp-json\/wp\/v2\/comments?post=346720"}],"version-history":[{"count":2,"href":"https:\/\/www.radioluna.it\/news\/wp-json\/wp\/v2\/posts\/346720\/revisions"}],"predecessor-version":[{"id":346722,"href":"https:\/\/www.radioluna.it\/news\/wp-json\/wp\/v2\/posts\/346720\/revisions\/346722"}],"wp:featuredmedia":[{"embeddable":true,"href":"https:\/\/www.radioluna.it\/news\/wp-json\/wp\/v2\/media\/326986"}],"wp:attachment":[{"href":"https:\/\/www.radioluna.it\/news\/wp-json\/wp\/v2\/media?parent=346720"}],"wp:term":[{"taxonomy":"category","embeddable":true,"href":"https:\/\/www.radioluna.it\/news\/wp-json\/wp\/v2\/categories?post=346720"},{"taxonomy":"post_tag","embeddable":true,"href":"https:\/\/www.radioluna.it\/news\/wp-json\/wp\/v2\/tags?post=346720"}],"curies":[{"name":"wp","href":"https:\/\/api.w.org\/{rel}","templated":true}]}}