{"id":346771,"date":"2024-02-20T11:37:13","date_gmt":"2024-02-20T10:37:13","guid":{"rendered":"https:\/\/www.radioluna.it\/news\/?p=346771"},"modified":"2024-02-20T11:38:48","modified_gmt":"2024-02-20T10:38:48","slug":"parte-a-marzo-la-nuova-stagione-del-giro-dellagro-pontino","status":"publish","type":"post","link":"https:\/\/www.radioluna.it\/news\/2024\/02\/parte-a-marzo-la-nuova-stagione-del-giro-dellagro-pontino\/","title":{"rendered":"Parte a marzo la nuova stagione del Giro dell&#8217;Agro Pontino"},"content":{"rendered":"<div id=\"fb-root\"><\/div>\n<p><strong>LATINA<\/strong> &#8211; Parte la nuova stagione del Circuito Ciclistico Opes \u201cGiro dell\u2019Agro Pontino\u201d. \u00c8 stato infatti ufficializzato il nuovo calendario gare 2024, con nuove tappe in programma a partire dal mese di marzo.<\/p>\n<p>&#8220;Non si pu\u00f2 aprire questa edizione senza omaggiare colui che per anni si \u00e8 cimentato con questo settore, un pioniere dell&#8217;organizzazione di gara ciclistiche, il grande Alberto Borgognoni, da poco<strong><img loading=\"lazy\" decoding=\"async\" class=\"wp-image-346774 alignright\" src=\"https:\/\/www.radioluna.it\/news\/wp-content\/uploads\/2024\/02\/da-sx-fioriello-borgognoni.jpg\" alt=\"\" width=\"107\" height=\"143\" \/><\/strong> scomparso dopo una lunga malattia. Alberto ha ideato, fondato e visto crescere il Giro dell&#8217;Agro Pontino, dedicando anima e cuore alle due ruote e lasciando alle nuove generazioni una grande eredit\u00e0 da custodire.La notizia della sua ci ha lasciato profondamente colpiti, perch\u00e9 per noi \u00e8 stato e sar\u00e0 sempre parte della famiglia &#8211; commenta Davide Fioriello Segretario Generale Opes &#8211; Sono tantissimi i ricordi che ci legano a lui ed \u00e8 tanto ci\u00f2 che ha costruito nel tempo per il settore ciclistico, affiancato tra gli altri, proprio da suo figlio Francesco. Apriamo dunque questa stagione con una triste notizia per tutto il settore, ma siamo certi che Alberto sapr\u00e0 ancora guidare tutto il movimento perch\u00e8 i suoi insegnamenti vivranno in eterno&#8221;. Per questo il Giro dell&#8217;Agro Pontino Opes quest&#8217;anno gli sar\u00e0 dedicato.<\/p>\n<p style=\"text-align: justify;\"><strong>LE TAPPE<\/strong> &#8211;\u00a0 Si comincer\u00e0 il 3 marzo con la tappa inaugurale a Borgo Santa Maria a cura della Asd Nettuno, il 17 marzo invece, il Peloso Team porter\u00e0 il serpentone colorato a Latina. Ed ancora, il 24 marzo il l&#8217;asd Sportland andr\u00e0 in scena in quel di Cisterna a chiusura del mese. Veniamo ad aprile dove il giorno 7, la Morichini Campion disputer\u00e0 la sua corsa a\u00a0Pomezia. Il 14 aprile il team della Emme 2 Erre ci accompagner\u00e0 con la corsa a Borgo Santa Maria. Si prosegue il 21 aprile ad Anzio, con la gara dell&#8217;Anzio Bike. Il 26 in scena la new entry Polisportiva Etrusca con tappa nella citt\u00e0 capitolina. La Ciampino Bike chiude il mese a Mazzocchio il 28. Maggio si apre con il Veloteam Latina a Monticchio il 1, mentre il 5 il Gatto&amp;La Volpe porter\u00e0 il gruppo in localit\u00e0 Frasso. Ed ancora il 12 maggio con il Fiormonti Team si garegger\u00e0 a Priverno, mentre il 19 a Velletri con la Center Bike. Giugno, si apre con la tappa festiva del 2, condotta dalla Drago On Bike a Doganella. Il 9 il plotone si sposta a Mazzocchio con la Bike Lab Astolfi. Il 16 a Nettuno con\u00a0un&#8217;altra new entry, i Fratelli Dell&#8217;Aguzzo ed il 23 con altra nuova societ\u00e0 del giro la Ifi Bike con tracciato da definire.\u00a0Si chiude la stagione con la pausa estiva il 30 in localit\u00e0 Chiesuola con il Veloteam Latina. Si torna in sella l&#8217;8 settembre e Sezze con il Team Nardecchia Montini, il 15 sar\u00e0 la volta della Terracina Cycling con percorso in definizione ed il 22 ancora Sezze protagonista con la nuova arrivata Un Giro In Meno. Colpo di coda con un&#8217;altra nuova societ\u00e0, la Sgauzzoni ad Aprilia in programma il 29. Unica tappa di ottobre il giorno 6, con Paco sempre ad Aprilia.<\/p>\n<p style=\"text-align: justify;\">Il circuito di Opes appassiona ormai da molti anni centinaia di sportivi e sempre in crescita \u00e8 il numero delle societ\u00e0 che scelgono di farne parte, arrivato quest&#8217;anno a quota 21. Pronte le squadre nell\u2019impresa di solcare i pi\u00f9 disparati territori dell\u2019Agro Pontino sulle due ruote.<\/p>\n<p style=\"text-align: justify;\">&#8220;Riparte la nuova stagione 2024 del circuito con tanto entusiasmo e tanti nuovi proposti &#8211; commentano dalla commissione ciclistica Opes \u2013 Si riprende dalle basi di quanto fatto negli anni precedenti fino ad ora ed il Giro si conferma sempre pi\u00f9 un punto di riferimento del movimento ciclistico pontino e non solo. Quest&#8217;anno come da programma si prevedono ben 22 gare organizzate dalle rispettive squadre iscritte al torneo. Oltre ai team gi\u00e0 presenti, quest&#8217;anno si aggiungono le asd\u00a0Dell&#8217;Aguzzo, Sgauzzoni, Paco, Ifi Bike, Polisportiva Etrusca, Un Giro In Meno per un totale di 21 societ\u00e0 in gara&#8221;.<\/p>\n<p style=\"text-align: justify;\">Il Giro dell\u2019Agro Pontino si \u00e8 ormai da anni insediato in seno alle attivit\u00e0 ciclistiche della provincia, volto a valorizzare le bellezze del nostro territorio favorendo il turismo sportivo e con l\u2019intento di diffondere la pratica sportiva del ciclismo.<\/p>\n<p style=\"text-align: justify;\">Per maggiori informazioni scrivere a ilgirodellagropontino@gmail.com. Per restare aggiornati \u00e8 possibile seguire i canali social dedicati al Giro dell\u2019Agro Pontino su opeslatina.it, su Facebook ed Instagram Opes Latina e Giro dell\u2019Agro Pontino.<\/p>\n<p>IL CALENDARIO<\/p>\n<p><img loading=\"lazy\" decoding=\"async\" class=\"alignnone size-full wp-image-346772\" src=\"https:\/\/www.radioluna.it\/news\/wp-content\/uploads\/2024\/02\/calendario-2024.jpg\" alt=\"\" width=\"1264\" height=\"1234\" srcset=\"https:\/\/www.radioluna.it\/news\/wp-content\/uploads\/2024\/02\/calendario-2024.jpg 1264w, https:\/\/www.radioluna.it\/news\/wp-content\/uploads\/2024\/02\/calendario-2024-768x750.jpg 768w\" sizes=\"auto, (max-width: 1264px) 100vw, 1264px\" \/><\/p>\n","protected":false},"excerpt":{"rendered":"<p>LATINA &#8211; Parte la nuova stagione del Circuito Ciclistico Opes \u201cGiro dell\u2019Agro Pontino\u201d. \u00c8 stato infatti ufficializzato il nuovo calendario gare 2024, con nuove tappe in programma a partire dal mese di marzo. &#8220;Non si pu\u00f2 aprire questa edizione senza omaggiare colui che per anni si \u00e8 cimentato con questo settore, un pioniere dell&#8217;organizzazione di [&hellip;]<\/p>\n","protected":false},"author":5430,"featured_media":346773,"comment_status":"open","ping_status":"open","sticky":false,"template":"","format":"standard","meta":{"footnotes":""},"categories":[734,17],"tags":[],"class_list":["post-346771","post","type-post","status-publish","format-standard","has-post-thumbnail","hentry","category-evidenza","category-sport"],"_links":{"self":[{"href":"https:\/\/www.radioluna.it\/news\/wp-json\/wp\/v2\/posts\/346771","targetHints":{"allow":["GET"]}}],"collection":[{"href":"https:\/\/www.radioluna.it\/news\/wp-json\/wp\/v2\/posts"}],"about":[{"href":"https:\/\/www.radioluna.it\/news\/wp-json\/wp\/v2\/types\/post"}],"author":[{"embeddable":true,"href":"https:\/\/www.radioluna.it\/news\/wp-json\/wp\/v2\/users\/5430"}],"replies":[{"embeddable":true,"href":"https:\/\/www.radioluna.it\/news\/wp-json\/wp\/v2\/comments?post=346771"}],"version-history":[{"count":1,"href":"https:\/\/www.radioluna.it\/news\/wp-json\/wp\/v2\/posts\/346771\/revisions"}],"predecessor-version":[{"id":346775,"href":"https:\/\/www.radioluna.it\/news\/wp-json\/wp\/v2\/posts\/346771\/revisions\/346775"}],"wp:featuredmedia":[{"embeddable":true,"href":"https:\/\/www.radioluna.it\/news\/wp-json\/wp\/v2\/media\/346773"}],"wp:attachment":[{"href":"https:\/\/www.radioluna.it\/news\/wp-json\/wp\/v2\/media?parent=346771"}],"wp:term":[{"taxonomy":"category","embeddable":true,"href":"https:\/\/www.radioluna.it\/news\/wp-json\/wp\/v2\/categories?post=346771"},{"taxonomy":"post_tag","embeddable":true,"href":"https:\/\/www.radioluna.it\/news\/wp-json\/wp\/v2\/tags?post=346771"}],"curies":[{"name":"wp","href":"https:\/\/api.w.org\/{rel}","templated":true}]}}