{"id":346839,"date":"2024-02-21T09:24:04","date_gmt":"2024-02-21T08:24:04","guid":{"rendered":"https:\/\/www.radioluna.it\/news\/?p=346839"},"modified":"2024-02-21T09:26:12","modified_gmt":"2024-02-21T08:26:12","slug":"nello-spazio-culturale-nicolosi-si-presenta-il-saggio-giuseppe-dossetti-la-politica-come-missione","status":"publish","type":"post","link":"https:\/\/www.radioluna.it\/news\/2024\/02\/nello-spazio-culturale-nicolosi-si-presenta-il-saggio-giuseppe-dossetti-la-politica-come-missione\/","title":{"rendered":"Nello Spazio Culturale Nicolosi si presenta il saggio \u2018Giuseppe Dossetti. La politica come missione\u2019"},"content":{"rendered":"<div id=\"fb-root\"><\/div>\n<p style=\"text-align: justify;\"><strong>LATINA &#8211;<\/strong>\u00a0 Giuseppe Dossetti, sacerdote, politico, teologo, personaggio di spicco nel secolo passato il cui pensiero \u00e8 ancora attuale e che merita approfondimento e riscoperta. Alla sua figura \u00e8 dedicato il saggio \u2018Giuseppe Dossetti. La politica come missione\u2019 (Carocci Editore), scritto da Luigi Giorgi, uno dei suoi pi\u00f9 grandi studiosi. Il libro verr\u00e0 presentato Venerd\u00ec 23 febbraio ore 17.30 presso Spazio Culturale Nicolosi ( Via Corridoni, 78 a Latina) alla presenza dell\u2019autore Luigi Giorgi, insieme al professor Giuseppe Cantarano e Pierluigi Castagnetti. Modera l\u2019incontro Enrico Forte, presidente associazione Terzo Lotto IACP<\/p>\n<p style=\"text-align: justify;\"><strong>CHI E&#8217; L&#8217;AUTORE<\/strong> &#8211; Luigi Giorgi coordina le attivit\u00e0 culturali dell\u2019Istituto Luigi Sturzo. \u00c8 socio della Societ\u00e0 italiana per lo studio della storia contemporanea e della Societ\u00e0 italiana di storia dello sport. Ha lavorato come collaboratore parlamentare prima alla Camera dei deputati e in seguito al Senato della Repubblica. Ha scritto diverse monografie e saggi su Dossetti, sulla storia dell\u2019Italia contemporanea e su quella del movimento cattolico. Collabora con riviste di storia e di attualit\u00e0 culturale.<\/p>\n<p style=\"text-align: justify;\">\n","protected":false},"excerpt":{"rendered":"<p>LATINA &#8211;\u00a0 Giuseppe Dossetti, sacerdote, politico, teologo, personaggio di spicco nel secolo passato il cui pensiero \u00e8 ancora attuale e che merita approfondimento e riscoperta. Alla sua figura \u00e8 dedicato il saggio \u2018Giuseppe Dossetti. La politica come missione\u2019 (Carocci Editore), scritto da Luigi Giorgi, uno dei suoi pi\u00f9 grandi studiosi. Il libro verr\u00e0 presentato Venerd\u00ec [&hellip;]<\/p>\n","protected":false},"author":60,"featured_media":346840,"comment_status":"open","ping_status":"open","sticky":false,"template":"","format":"standard","meta":{"footnotes":""},"categories":[16,734],"tags":[],"class_list":["post-346839","post","type-post","status-publish","format-standard","has-post-thumbnail","hentry","category-appuntamenti","category-evidenza"],"_links":{"self":[{"href":"https:\/\/www.radioluna.it\/news\/wp-json\/wp\/v2\/posts\/346839","targetHints":{"allow":["GET"]}}],"collection":[{"href":"https:\/\/www.radioluna.it\/news\/wp-json\/wp\/v2\/posts"}],"about":[{"href":"https:\/\/www.radioluna.it\/news\/wp-json\/wp\/v2\/types\/post"}],"author":[{"embeddable":true,"href":"https:\/\/www.radioluna.it\/news\/wp-json\/wp\/v2\/users\/60"}],"replies":[{"embeddable":true,"href":"https:\/\/www.radioluna.it\/news\/wp-json\/wp\/v2\/comments?post=346839"}],"version-history":[{"count":2,"href":"https:\/\/www.radioluna.it\/news\/wp-json\/wp\/v2\/posts\/346839\/revisions"}],"predecessor-version":[{"id":346842,"href":"https:\/\/www.radioluna.it\/news\/wp-json\/wp\/v2\/posts\/346839\/revisions\/346842"}],"wp:featuredmedia":[{"embeddable":true,"href":"https:\/\/www.radioluna.it\/news\/wp-json\/wp\/v2\/media\/346840"}],"wp:attachment":[{"href":"https:\/\/www.radioluna.it\/news\/wp-json\/wp\/v2\/media?parent=346839"}],"wp:term":[{"taxonomy":"category","embeddable":true,"href":"https:\/\/www.radioluna.it\/news\/wp-json\/wp\/v2\/categories?post=346839"},{"taxonomy":"post_tag","embeddable":true,"href":"https:\/\/www.radioluna.it\/news\/wp-json\/wp\/v2\/tags?post=346839"}],"curies":[{"name":"wp","href":"https:\/\/api.w.org\/{rel}","templated":true}]}}