{"id":346847,"date":"2024-02-21T10:14:05","date_gmt":"2024-02-21T09:14:05","guid":{"rendered":"https:\/\/www.radioluna.it\/news\/?p=346847"},"modified":"2024-02-23T09:34:25","modified_gmt":"2024-02-23T08:34:25","slug":"ventotene-leonardo-lerario-al-comando-della-tenenza-della-guardia-di-finanza","status":"publish","type":"post","link":"https:\/\/www.radioluna.it\/news\/2024\/02\/ventotene-leonardo-lerario-al-comando-della-tenenza-della-guardia-di-finanza\/","title":{"rendered":"Ventotene, Leonardo L&#8217;Erario al comando della tenenza della Guardia di Finanza"},"content":{"rendered":"<div id=\"fb-root\"><\/div>\n<p style=\"text-align: justify;\"><strong>VENTOTENE<\/strong> &#8211; Il Luogotenente cariche speciali Leonardo L\u2019Erario diventa Comandante della Tenenza della Guardia di Finanza di Ventotene, succedendo nell\u2019incarico al Luogotenente cariche speciali Mariolino Di Crasto, trasferito ad altro incarico al Gruppo di Formia. L\u2019ispettore che assume il Comando della Tenenza di Ventotene proviene dal Gruppo di Formia dove era arrivato\u00a0 dopo aver rivestito diversi incarichi, operativi, presso l\u2019allora Nucleo Regionale Polizia Tributaria di Bologna, e di Stato Maggiore presso il Comando Generale del Corpo. Anche a Formia, il neo-comandante \u00e8 stato impiegato sia in mansioni operative nel settore della polizia giudiziaria ed economico-finanziaria sia in funzioni di staff alle dirette dipendente del Comandante di Gruppo.<\/p>\n<p style=\"text-align: justify;\">Nel suo intervento di saluto, il Luogotenente L\u2019Erario ha ringraziato i vertici delle Fiamme Gialle per la fiducia accordatagli nel conferimento del nuovo incarico, assicurando il massimo impegno personale e dei propri militari &#8220;nell\u2019assolvimento dei compiti istituzionali, allo scopo di indirizzare le risorse a disposizione, in piena collaborazione e sinergia con l\u2019Ente locale, con le Forze di Polizia presenti e con la comunit\u00e0 civile, verso il contrasto dei fenomeni fraudolenti pi\u00f9 gravi ed insidiosi a tutela della legalit\u00e0 economica e per la salvaguardia della sicurezza della collettivit\u00e0 nel proprio territorio di competenza&#8221;.<br \/>\nIl Comandante Provinciale di Latina Colonnello Giovanni Marchetti ha dal canto suo ringraziato il Luogotenente cariche speciali Mariolino Di Crasto &#8220;per la preziosa opera svolta nei tre anni al comando della Tenenza di Ventotene, periodo in cui ha diretto e condotto delicate attivit\u00e0 di polizia economico-finanziaria e indagini anche a contrasto della criminalit\u00e0 comune, contribuendo a consolidare il ruolo e l\u2019immagine della Guardia di finanza quale Amministrazione che opera a tutela dei cittadini, delle imprese e del sistema economico e al contempo a rinforzare il legame con le istituzioni e la comunit\u00e0 isolane&#8221;.<\/p>\n","protected":false},"excerpt":{"rendered":"<p>VENTOTENE &#8211; Il Luogotenente cariche speciali Leonardo L\u2019Erario diventa Comandante della Tenenza della Guardia di Finanza di Ventotene, succedendo nell\u2019incarico al Luogotenente cariche speciali Mariolino Di Crasto, trasferito ad altro incarico al Gruppo di Formia. L\u2019ispettore che assume il Comando della Tenenza di Ventotene proviene dal Gruppo di Formia dove era arrivato\u00a0 dopo aver rivestito [&hellip;]<\/p>\n","protected":false},"author":60,"featured_media":293578,"comment_status":"open","ping_status":"open","sticky":false,"template":"","format":"standard","meta":{"footnotes":""},"categories":[735],"tags":[],"class_list":["post-346847","post","type-post","status-publish","format-standard","has-post-thumbnail","hentry","category-attualita"],"_links":{"self":[{"href":"https:\/\/www.radioluna.it\/news\/wp-json\/wp\/v2\/posts\/346847","targetHints":{"allow":["GET"]}}],"collection":[{"href":"https:\/\/www.radioluna.it\/news\/wp-json\/wp\/v2\/posts"}],"about":[{"href":"https:\/\/www.radioluna.it\/news\/wp-json\/wp\/v2\/types\/post"}],"author":[{"embeddable":true,"href":"https:\/\/www.radioluna.it\/news\/wp-json\/wp\/v2\/users\/60"}],"replies":[{"embeddable":true,"href":"https:\/\/www.radioluna.it\/news\/wp-json\/wp\/v2\/comments?post=346847"}],"version-history":[{"count":1,"href":"https:\/\/www.radioluna.it\/news\/wp-json\/wp\/v2\/posts\/346847\/revisions"}],"predecessor-version":[{"id":346848,"href":"https:\/\/www.radioluna.it\/news\/wp-json\/wp\/v2\/posts\/346847\/revisions\/346848"}],"wp:featuredmedia":[{"embeddable":true,"href":"https:\/\/www.radioluna.it\/news\/wp-json\/wp\/v2\/media\/293578"}],"wp:attachment":[{"href":"https:\/\/www.radioluna.it\/news\/wp-json\/wp\/v2\/media?parent=346847"}],"wp:term":[{"taxonomy":"category","embeddable":true,"href":"https:\/\/www.radioluna.it\/news\/wp-json\/wp\/v2\/categories?post=346847"},{"taxonomy":"post_tag","embeddable":true,"href":"https:\/\/www.radioluna.it\/news\/wp-json\/wp\/v2\/tags?post=346847"}],"curies":[{"name":"wp","href":"https:\/\/api.w.org\/{rel}","templated":true}]}}