{"id":346953,"date":"2024-02-22T17:18:38","date_gmt":"2024-02-22T16:18:38","guid":{"rendered":"https:\/\/www.radioluna.it\/news\/?p=346953"},"modified":"2024-02-22T17:19:10","modified_gmt":"2024-02-22T16:19:10","slug":"gaeta-citta-darte-permanente-espone-la-gorgona-grezza-di-igor-mitoraj","status":"publish","type":"post","link":"https:\/\/www.radioluna.it\/news\/2024\/02\/gaeta-citta-darte-permanente-espone-la-gorgona-grezza-di-igor-mitoraj\/","title":{"rendered":"Gaeta citt\u00e0 d&#8217;arte permanente espone La Gorgona Grezza di Igor Mitoraj"},"content":{"rendered":"<div id=\"fb-root\"><\/div>\n<p style=\"text-align: justify;\"><strong>GAETA<\/strong> &#8211; Il Sindaco di Gaeta Cristian Leccese presenter\u00e0 domani (venerd\u00ec 23 febbraio) il progetto \u201cBlu, il Clima della Cultura \u2013 Tra Natura e Mito, Gaeta Citt\u00e0 d\u2019arte permanente. Al centro della conferenza che si terr\u00e0 a Palazzo De Vio, in Piazza Cardinal De Vio, &#8220;Medusa\u201d\u00a0 il nome dato a una serie di esposizioni e mostre che rappresenta uno dei punti di forza del progetto Gaeta Capitale italiana della Cultura 2026.<\/p>\n<p style=\"text-align: justify;\">&#8220;Di straordinario impatto sar\u00e0 l&#8217;esposizione al pubblico della Medusa di Mitoraj, una delle tre Gorgoni &#8211; anticipano dalla societ\u00e0 consortile per azioni Cethegus &#8211; Questa splendida citt\u00e0 pu\u00f2 diventare un polo di attrazione turistico e culturale di ampio respiro 365 giorni l&#8217;anno, e fare rete con l\u2019intero ecosistema sia dei comuni costieri che quelli dell\u2019entroterra, proponendo nuovi sentieri e panieri per un turismo di qualit\u00e0. Un percorso curato da Cethegus s.c.p.a. e numerosi stakeholders di caratura nazionale ed internazionale&#8221;,\u00a0 afferma Antonio D&#8217;Ettorre, responsabile Turismo di Cethegus, tra i soggetti organizzatori dell&#8217;evento che aggiunge: &#8220;L&#8217;effetto cumulativo di queste mostre ed esposizioni di alto livello pu\u00f2 risultare estremamente positivo per la provincia di Latina e per l&#8217;economia del Lazio nel suo complesso, offrendo opportunit\u00e0 di crescita e promuovendo valori di inclusione e sostenibilit\u00e0, che sono rilevanti non solo per l&#8217;economia attuale, ma anche in vista degli eventi futuri, come il giubileo del 2025 e al fine di plasmare un futuro pi\u00f9 responsabile per il turismo&#8221;.<\/p>\n<p style=\"text-align: justify;\">Il famoso bronzo di Mitoraj realizzato nel 2006 sar\u00e0 esposto durante i lavori ai quali prenderanno parte con il sindaco Leccese, l&#8217;arcivescovo Luigi Vari, il presidente di Cethegus, Leonardo Valle,\u00a0 \u00a0Giuseppe Daghino, Ceo di Happee Place Italy srl\u00a0 e in chiusura Pierluigi Carofano, curatore e docente della Scuola di specializzazione in Beni sorico-artistici dell&#8217;Univesrit\u00e0 di Siena<\/p>\n","protected":false},"excerpt":{"rendered":"<p>GAETA &#8211; Il Sindaco di Gaeta Cristian Leccese presenter\u00e0 domani (venerd\u00ec 23 febbraio) il progetto \u201cBlu, il Clima della Cultura \u2013 Tra Natura e Mito, Gaeta Citt\u00e0 d\u2019arte permanente. Al centro della conferenza che si terr\u00e0 a Palazzo De Vio, in Piazza Cardinal De Vio, &#8220;Medusa\u201d\u00a0 il nome dato a una serie di esposizioni e [&hellip;]<\/p>\n","protected":false},"author":60,"featured_media":346954,"comment_status":"open","ping_status":"open","sticky":false,"template":"","format":"standard","meta":{"footnotes":""},"categories":[16,15,734],"tags":[],"class_list":["post-346953","post","type-post","status-publish","format-standard","has-post-thumbnail","hentry","category-appuntamenti","category-cultura","category-evidenza"],"_links":{"self":[{"href":"https:\/\/www.radioluna.it\/news\/wp-json\/wp\/v2\/posts\/346953","targetHints":{"allow":["GET"]}}],"collection":[{"href":"https:\/\/www.radioluna.it\/news\/wp-json\/wp\/v2\/posts"}],"about":[{"href":"https:\/\/www.radioluna.it\/news\/wp-json\/wp\/v2\/types\/post"}],"author":[{"embeddable":true,"href":"https:\/\/www.radioluna.it\/news\/wp-json\/wp\/v2\/users\/60"}],"replies":[{"embeddable":true,"href":"https:\/\/www.radioluna.it\/news\/wp-json\/wp\/v2\/comments?post=346953"}],"version-history":[{"count":2,"href":"https:\/\/www.radioluna.it\/news\/wp-json\/wp\/v2\/posts\/346953\/revisions"}],"predecessor-version":[{"id":346957,"href":"https:\/\/www.radioluna.it\/news\/wp-json\/wp\/v2\/posts\/346953\/revisions\/346957"}],"wp:featuredmedia":[{"embeddable":true,"href":"https:\/\/www.radioluna.it\/news\/wp-json\/wp\/v2\/media\/346954"}],"wp:attachment":[{"href":"https:\/\/www.radioluna.it\/news\/wp-json\/wp\/v2\/media?parent=346953"}],"wp:term":[{"taxonomy":"category","embeddable":true,"href":"https:\/\/www.radioluna.it\/news\/wp-json\/wp\/v2\/categories?post=346953"},{"taxonomy":"post_tag","embeddable":true,"href":"https:\/\/www.radioluna.it\/news\/wp-json\/wp\/v2\/tags?post=346953"}],"curies":[{"name":"wp","href":"https:\/\/api.w.org\/{rel}","templated":true}]}}