{"id":347342,"date":"2024-02-28T17:06:06","date_gmt":"2024-02-28T16:06:06","guid":{"rendered":"https:\/\/www.radioluna.it\/news\/?p=347342"},"modified":"2024-02-28T17:06:06","modified_gmt":"2024-02-28T16:06:06","slug":"fdi-latina-renzo-scalco-lascia-la-guida-della-commissione-pianificazione-e-programmazione-strategica","status":"publish","type":"post","link":"https:\/\/www.radioluna.it\/news\/2024\/02\/fdi-latina-renzo-scalco-lascia-la-guida-della-commissione-pianificazione-e-programmazione-strategica\/","title":{"rendered":"FdI Latina: Renzo Scalco lascia la guida della Commissione Pianificazione e Programmazione Strategica"},"content":{"rendered":"<div id=\"fb-root\"><\/div>\n<p style=\"text-align: justify;\">LATINA &#8211; \u201cIn accordo con i colleghi di partito e con i suoi vertici locali ho deciso di dimettermi dal ruolo di presidente della Commissione Pianificazione e Programmazione Strategica del Comune. Sono il candidato di Latina, per Fratelli d\u2019Italia, alle prossime elezioni provinciali: si tratta di un ruolo che vorr\u00f2 ricoprire con il massimo impegno e professionalit\u00e0 e per fare ci\u00f2, per senso di responsabilit\u00e0, mi sono convinto a fare un passo indietro nella guida della Commissione. Rivestire entrambi i ruoli non mi avrebbe permesso di seguire con la giusta dedizione entrambe le attivit\u00e0\u201d. Questa la dichiarazione del consigliere comunale di Fratelli d\u2019Italia Renzo Scalco che questa mattina ha formalizzato le sue dimissioni.<\/p>\n<p style=\"text-align: justify;\">\u201cRingrazio Renzo Scalco, a nome di tutta Fratelli d\u2019Italia, per il prezioso lavoro svolto in questi mesi \u2013 il commento del capogruppo in consiglio comunale Cesare Bruni \u2013 il suo \u00e8 stato davvero un gesto di assoluto rispetto nei confronti dell\u2019istituzione che rappresenta e del ruolo che riveste. Sono certo che sapr\u00e0 dare un impulso positivo in Consiglio Provinciale, portando anche in quell\u2019assise la caparbiet\u00e0 e la concretezza che caratterizza la sua azione e quella di FdI in Consiglio Comunale. Tutto il gruppo consiliare, peraltro, \u00e8 concorde nell\u2019indicare il Consigliere Serena Baccini quale successore alla presidenza della Commissione Pianificazione e Programmazione Strategica. Credo anche questo sia un segnale importante per la politica cittadina, che dimostra di saper premiare i giovani meritevoli e che si impegnano per il bene della collettivit\u00e0\u201d<\/p>\n<div class=\"radio-posizionamento-telefono-in-articoli-dopo-il-contenuto-articolo radio-entity-placement\" id=\"radio-4252691097\"><div id=\"radio-937882900\" style=\"width: 300px;height: 250px;\"><a href=\"https:\/\/www.icarspa.it\/auto\/usate\/latina\/\" aria-label=\"banner aprile icar new life &#8211; auto usate latina\"><img loading=\"lazy\" decoding=\"async\" src=\"https:\/\/www.radioluna.it\/news\/wp-content\/uploads\/2026\/02\/banner-aprile-icar-new-life-auto-usate-latina.gif\" alt=\"\"  width=\"300\" height=\"250\"   \/><\/a><\/div><\/div>","protected":false},"excerpt":{"rendered":"<p>LATINA &#8211; \u201cIn accordo con i colleghi di partito e con i suoi vertici locali ho deciso di dimettermi dal ruolo di presidente della Commissione Pianificazione e Programmazione Strategica del Comune. Sono il candidato di Latina, per Fratelli d\u2019Italia, alle prossime elezioni provinciali: si tratta di un ruolo che vorr\u00f2 ricoprire con il massimo impegno [&hellip;]<\/p>\n","protected":false},"author":60,"featured_media":111844,"comment_status":"open","ping_status":"open","sticky":false,"template":"","format":"standard","meta":{"footnotes":""},"categories":[2428],"tags":[],"class_list":["post-347342","post","type-post","status-publish","format-standard","has-post-thumbnail","hentry","category-primo-piano"],"_links":{"self":[{"href":"https:\/\/www.radioluna.it\/news\/wp-json\/wp\/v2\/posts\/347342","targetHints":{"allow":["GET"]}}],"collection":[{"href":"https:\/\/www.radioluna.it\/news\/wp-json\/wp\/v2\/posts"}],"about":[{"href":"https:\/\/www.radioluna.it\/news\/wp-json\/wp\/v2\/types\/post"}],"author":[{"embeddable":true,"href":"https:\/\/www.radioluna.it\/news\/wp-json\/wp\/v2\/users\/60"}],"replies":[{"embeddable":true,"href":"https:\/\/www.radioluna.it\/news\/wp-json\/wp\/v2\/comments?post=347342"}],"version-history":[{"count":0,"href":"https:\/\/www.radioluna.it\/news\/wp-json\/wp\/v2\/posts\/347342\/revisions"}],"wp:featuredmedia":[{"embeddable":true,"href":"https:\/\/www.radioluna.it\/news\/wp-json\/wp\/v2\/media\/111844"}],"wp:attachment":[{"href":"https:\/\/www.radioluna.it\/news\/wp-json\/wp\/v2\/media?parent=347342"}],"wp:term":[{"taxonomy":"category","embeddable":true,"href":"https:\/\/www.radioluna.it\/news\/wp-json\/wp\/v2\/categories?post=347342"},{"taxonomy":"post_tag","embeddable":true,"href":"https:\/\/www.radioluna.it\/news\/wp-json\/wp\/v2\/tags?post=347342"}],"curies":[{"name":"wp","href":"https:\/\/api.w.org\/{rel}","templated":true}]}}