{"id":347379,"date":"2024-02-29T09:50:54","date_gmt":"2024-02-29T08:50:54","guid":{"rendered":"https:\/\/www.radioluna.it\/news\/?p=347379"},"modified":"2024-02-29T09:59:11","modified_gmt":"2024-02-29T08:59:11","slug":"dimensionamento-scolastico-assessore-schiboni-incontra-delegazione-manifestanti","status":"publish","type":"post","link":"https:\/\/www.radioluna.it\/news\/2024\/02\/dimensionamento-scolastico-assessore-schiboni-incontra-delegazione-manifestanti\/","title":{"rendered":"Dimensionamento scolastico, assessore Schiboni incontra delegazione manifestanti"},"content":{"rendered":"<div id=\"fb-root\"><\/div>\n<p style=\"text-align: justify;\"><strong>LAZIO<\/strong> &#8211; \u00abHo ricevuto questo pomeriggio una delegazione di rappresentati sindacali della Cgil e della Rsu, insieme a due rappresentati dei comitati di quartiere Quarticciolo e Cinecitt\u00e0, che erano in presidio sotto la sede della Regione Lazio per manifestare contro il dimensionamento scolastico 2024-2025. Nel corso dell\u2019incontro ho ribadito, come gi\u00e0 fatto nelle precedenti riunioni, la ferma volont\u00e0 di questo assessorato di lavorare all\u2019insegna della massima concertazione e condivisione sulle scelte da effettuare per il nuovo dimensionamento scolastico\u00bb.<\/p>\n<p style=\"text-align: justify;\">\u00c8 quanto ha dichiarato l\u2019assessore regionale al Lavoro, alla Scuola, alla Formazione, alla Ricerca e al Merito della Regione Lazio, Giuseppe Schiboni, al termine dell\u2019incontro con una delegazione dei rappresentati sindacali in presidio sotto la sede regionale.<\/p>\n<p style=\"text-align: justify;\">\u00abHo ascoltato con attenzione le criticit\u00e0 rilevate che si concentrano in quartieri particolarmente fragili in cui la scuola rappresenta molto pi\u00f9 che un istituto dove si fa didattica, ma il luogo dell\u2019ascolto, dell\u2019incontro, dell\u2019accompagnamento e dell\u2019orientamento. In questo contesto ho anticipato, inoltre, che effettuer\u00f2 una visita in tutte quelle realt\u00e0 dove queste criticit\u00e0 sono evidenti\u00bb, ha evidenziato l\u2019assessore Schiboni.<\/p>\n<p style=\"text-align: justify;\">\u00abIl bene degli studenti e delle famiglie resta per me e per chi governa questa Regione una priorit\u00e0. Sono certo che troveremo gli strumenti migliori per non lasciare nessuno indietro. Il diritto allo studio \u00e8 e sar\u00e0 sempre garantito\u00bb, ha concluso l\u2019assessore alla Scuola, Giuseppe Schiboni.<\/p>\n<div class=\"radio-posizionamento-telefono-in-articoli-dopo-il-contenuto-articolo radio-entity-placement\" id=\"radio-3524164574\"><div id=\"radio-1961851129\"><a href=\"https:\/\/grupporedi.it\/\" aria-label=\"Redi-Qr\"><img loading=\"lazy\" decoding=\"async\" src=\"https:\/\/www.radioluna.it\/news\/wp-content\/uploads\/2026\/03\/Redi-Qr.jpg\" alt=\"\"  srcset=\"https:\/\/www.radioluna.it\/news\/wp-content\/uploads\/2026\/03\/Redi-Qr.jpg 800w, https:\/\/www.radioluna.it\/news\/wp-content\/uploads\/2026\/03\/Redi-Qr-768x639.jpg 768w\" sizes=\"(max-width: 800px) 100vw, 800px\" width=\"300\" height=\"250\"   \/><\/a><\/div><\/div>","protected":false},"excerpt":{"rendered":"<p>LAZIO &#8211; \u00abHo ricevuto questo pomeriggio una delegazione di rappresentati sindacali della Cgil e della Rsu, insieme a due rappresentati dei comitati di quartiere Quarticciolo e Cinecitt\u00e0, che erano in presidio sotto la sede della Regione Lazio per manifestare contro il dimensionamento scolastico 2024-2025. Nel corso dell\u2019incontro ho ribadito, come gi\u00e0 fatto nelle precedenti riunioni, [&hellip;]<\/p>\n","protected":false},"author":60,"featured_media":333890,"comment_status":"open","ping_status":"open","sticky":false,"template":"","format":"standard","meta":{"footnotes":""},"categories":[735],"tags":[],"class_list":["post-347379","post","type-post","status-publish","format-standard","has-post-thumbnail","hentry","category-attualita"],"_links":{"self":[{"href":"https:\/\/www.radioluna.it\/news\/wp-json\/wp\/v2\/posts\/347379","targetHints":{"allow":["GET"]}}],"collection":[{"href":"https:\/\/www.radioluna.it\/news\/wp-json\/wp\/v2\/posts"}],"about":[{"href":"https:\/\/www.radioluna.it\/news\/wp-json\/wp\/v2\/types\/post"}],"author":[{"embeddable":true,"href":"https:\/\/www.radioluna.it\/news\/wp-json\/wp\/v2\/users\/60"}],"replies":[{"embeddable":true,"href":"https:\/\/www.radioluna.it\/news\/wp-json\/wp\/v2\/comments?post=347379"}],"version-history":[{"count":0,"href":"https:\/\/www.radioluna.it\/news\/wp-json\/wp\/v2\/posts\/347379\/revisions"}],"wp:featuredmedia":[{"embeddable":true,"href":"https:\/\/www.radioluna.it\/news\/wp-json\/wp\/v2\/media\/333890"}],"wp:attachment":[{"href":"https:\/\/www.radioluna.it\/news\/wp-json\/wp\/v2\/media?parent=347379"}],"wp:term":[{"taxonomy":"category","embeddable":true,"href":"https:\/\/www.radioluna.it\/news\/wp-json\/wp\/v2\/categories?post=347379"},{"taxonomy":"post_tag","embeddable":true,"href":"https:\/\/www.radioluna.it\/news\/wp-json\/wp\/v2\/tags?post=347379"}],"curies":[{"name":"wp","href":"https:\/\/api.w.org\/{rel}","templated":true}]}}