{"id":347438,"date":"2024-03-01T09:01:43","date_gmt":"2024-03-01T08:01:43","guid":{"rendered":"https:\/\/www.radioluna.it\/news\/?p=347438"},"modified":"2024-03-01T09:01:43","modified_gmt":"2024-03-01T08:01:43","slug":"violenza-sulle-donne-una-pista-rossa-sul-lungomare-di-latina","status":"publish","type":"post","link":"https:\/\/www.radioluna.it\/news\/2024\/03\/violenza-sulle-donne-una-pista-rossa-sul-lungomare-di-latina\/","title":{"rendered":"Violenza sulle donne, una pista rossa sul lungomare di Latina"},"content":{"rendered":"<div id=\"fb-root\"><\/div>\n<p style=\"text-align: justify;\"><strong>LATINA<\/strong> &#8211; \u00c8 stata condivisa da tutta la Commissione Trasporti, presieduta da Federica Censi, la proposta di prevedere la &#8220;Pista Rossa&#8221; sul lungomare di Latina, per testimoniare l&#8217;impegno di Latina contro la violenza sulle donne. Il tratto individuato \u00e8 quello della passeggiata Portoghesi, ma i dettagli devono ancora essere studiati.<\/p>\n<p style=\"text-align: justify;\">&#8220;L&#8217;idea &#8211; spiegano in una nota le consigliere di Fratelli di Italia, Mul\u00e8, Colonna e Baccini &#8211; d\u00e0 seguito a quanto programmato all&#8217;interno della mozione &#8220;Citt\u00e0 delle donne&#8221;, condivisa trasversalmente da maggioranza e opposizione, che prevendeva appunto la realizzazione di un pista rossa. Oggi, con l&#8217;individuazione della sede, l&#8217;Assessore Di Cocco, ha favorevolmente accolto il suggerimento rendendosi immediatamente disponibile. Sul tema della violenza di genere\u00a0 &#8211; aggiungono &#8211; non dobbiamo mai abbassare la guardia. Continueremo ad intervenire in modo sistemico per sensibilizzare i cittadini. La &#8220;pista rossa&#8221; rappresenter\u00e0 , infatti, un segno di attenzione contro questa piaga sociale, per cui impiegheremo tutta la nostra forza per implementare la sicurezza, reale e percepita, dei cittadini. Ringraziamo la Presidente per avere preso l&#8217;impegno ad affrontare questo tema in una prossima commissione&#8221;.<\/p>\n<p>&nbsp;<\/p>\n","protected":false},"excerpt":{"rendered":"<p>LATINA &#8211; \u00c8 stata condivisa da tutta la Commissione Trasporti, presieduta da Federica Censi, la proposta di prevedere la &#8220;Pista Rossa&#8221; sul lungomare di Latina, per testimoniare l&#8217;impegno di Latina contro la violenza sulle donne. Il tratto individuato \u00e8 quello della passeggiata Portoghesi, ma i dettagli devono ancora essere studiati. &#8220;L&#8217;idea &#8211; spiegano in una [&hellip;]<\/p>\n","protected":false},"author":60,"featured_media":347439,"comment_status":"open","ping_status":"open","sticky":false,"template":"","format":"standard","meta":{"footnotes":""},"categories":[8],"tags":[],"class_list":["post-347438","post","type-post","status-publish","format-standard","has-post-thumbnail","hentry","category-politica"],"_links":{"self":[{"href":"https:\/\/www.radioluna.it\/news\/wp-json\/wp\/v2\/posts\/347438","targetHints":{"allow":["GET"]}}],"collection":[{"href":"https:\/\/www.radioluna.it\/news\/wp-json\/wp\/v2\/posts"}],"about":[{"href":"https:\/\/www.radioluna.it\/news\/wp-json\/wp\/v2\/types\/post"}],"author":[{"embeddable":true,"href":"https:\/\/www.radioluna.it\/news\/wp-json\/wp\/v2\/users\/60"}],"replies":[{"embeddable":true,"href":"https:\/\/www.radioluna.it\/news\/wp-json\/wp\/v2\/comments?post=347438"}],"version-history":[{"count":3,"href":"https:\/\/www.radioluna.it\/news\/wp-json\/wp\/v2\/posts\/347438\/revisions"}],"predecessor-version":[{"id":347442,"href":"https:\/\/www.radioluna.it\/news\/wp-json\/wp\/v2\/posts\/347438\/revisions\/347442"}],"wp:featuredmedia":[{"embeddable":true,"href":"https:\/\/www.radioluna.it\/news\/wp-json\/wp\/v2\/media\/347439"}],"wp:attachment":[{"href":"https:\/\/www.radioluna.it\/news\/wp-json\/wp\/v2\/media?parent=347438"}],"wp:term":[{"taxonomy":"category","embeddable":true,"href":"https:\/\/www.radioluna.it\/news\/wp-json\/wp\/v2\/categories?post=347438"},{"taxonomy":"post_tag","embeddable":true,"href":"https:\/\/www.radioluna.it\/news\/wp-json\/wp\/v2\/tags?post=347438"}],"curies":[{"name":"wp","href":"https:\/\/api.w.org\/{rel}","templated":true}]}}