{"id":347467,"date":"2024-03-01T10:11:56","date_gmt":"2024-03-01T09:11:56","guid":{"rendered":"https:\/\/www.radioluna.it\/news\/?p=347467"},"modified":"2024-03-01T17:12:26","modified_gmt":"2024-03-01T16:12:26","slug":"latina-pubblicata-la-graduatoria-per-lassegnazione-delle-case-popolari","status":"publish","type":"post","link":"https:\/\/www.radioluna.it\/news\/2024\/03\/latina-pubblicata-la-graduatoria-per-lassegnazione-delle-case-popolari\/","title":{"rendered":"Latina, Comune pronto per l\u2019assegnazione delle case popolari: 30 alloggi per 1700 domande"},"content":{"rendered":"<div id=\"fb-root\"><\/div>\n<p style=\"text-align: justify;\"><strong>LATINA &#8211;\u00a0 <\/strong>Il Comune di Latina ha pubblicato la graduatoria per l\u2019assegnazione delle case popolari, aggiornata con le domande presentate fino al 30 giugno 2023. Un passaggio obbligato per l&#8217;assegnazione degli alloggi messi a disposizione dall&#8217;Azienda per l&#8217;edilizia residenziale pubblica. A beneficiare di un alloggio saranno circa trenta richiedenti (tra singoli e famiglie) che sono ai primi posti di un lungo elenco di\u00a0<strong> 1727 domande.<\/strong> La graduatoria \u00e8 consultabile in forma criptata sul sito web del Comune di Latina all&#8217; albo pretorio come allegato della determina N\u00b0 363 \/2024 del 26\/02\/2024.<\/p>\n<p style=\"text-align: justify;\">\u201cCon la pubblicazione della graduatoria di assegnazione degli alloggi di edilizia residenziale pubblica il Comune di Latina ha chiuso la complessa procedura che consentir\u00e0 di garantire una casa alle fasce pi\u00f9 deboli. Ringrazio gli uffici per il \u00a0lavoro compiuto, un\u2019attivit\u00e0 attesa che oggi ci consegna un ulteriore strumento per rispondere alle esigenze della parte pi\u00f9 fragile della nostra comunit\u00e0\u201d, commenta \u00a0la sindaca <strong>Matilde Celentano<\/strong>.<\/p>\n<p style=\"text-align: justify;\">\u201cEsprimo soddisfazione \u2013 dichiara l&#8217;assessore ai Servizi sociali del Comune di Latina <strong>Michele Nasso<\/strong> \u2013 per questo passo in avanti atteso da tempo. La graduatoria per l\u2019assegnazione delle case popolari, infatti, era cristallizzata al 2020 e non appena la nostra amministrazione si \u00e8 insediata, nel maggio 2023, \u00e8 stato pubblicato il nuovo bando per la costituzione della commissione per l\u2019assegnazione degli alloggi. Una volta costituita, la commissione ha potuto esaminare le pratiche e procedere con la graduatoria. La stessa, ogni sei mesi, verr\u00e0 aggiornata in modo da trovarci pronti all\u2019assegnazione dei nuovi alloggi disponibili. Il nostro lavoro non finisce qui \u2013 continua Nasso \u2013 perch\u00e9 siamo in contatto con l\u2019Ater perch\u00e9 possa mettere a disposizione nuovi immobili per soddisfare le richieste di emergenza abitativa\u201d.<\/p>\n<p style=\"text-align: justify;\">Una parte degli alloggi resi disponibili sono stati negli ultimi mesi recuperati al patrimonio dell&#8217;Ater dopo anni di occupazioni abusive.\u00a0&#8220;In questi giorni, come Ater provinciale mettiamo nella disponibilit\u00e0 del Comune di Latina<strong> 30 appartamenti di varia tipologia, 11 gi\u00e0 disponibili gli altri a seguire tra pochi giorni.<\/strong> Esprimo profonda soddisfazione per il lavoro svolto dall&#8217; azienda attraverso il suo personale. Sottolineo il lavoro svolto dalle forze dell&#8217;ordine per la lotta alle occupazioni abusive che ha consentito di rendere disponibili agli aventi diritto parte di questi appartamenti. Tutti immobili disponibili sono stati ripristinato dalla azienda, mi piace ricordare come il lavoro di concerto con le forze dell&#8217; ordine sia dentro una intesa che ha dato nel corso del tempo buoni frutti. Ora il Comune proceder\u00e0 alla assegnazione delle singole unit\u00e0 abitative agli aventi diritto&#8221;, dichiara il presidente dell&#8217;Ater <strong>Enrico Dellapiet\u00e0<\/strong>.<\/p>\n<p style=\"text-align: justify;\">Il problema dell&#8217;emergenza abitativa \u00e8 in crescita e non solo a Latina. L&#8217;aumento generalizzato della povert\u00e0 ha colpito duro e nel capoluogo la struttura temporanea per l&#8217;emergenza freddo allestita in piazzale Prampolini \u00e8 a capienza massima, ospitando ogni sera poco meno di sessanta persone senza casa.<\/p>\n","protected":false},"excerpt":{"rendered":"<p>LATINA &#8211;\u00a0 Il Comune di Latina ha pubblicato la graduatoria per l\u2019assegnazione delle case popolari, aggiornata con le domande presentate fino al 30 giugno 2023. Un passaggio obbligato per l&#8217;assegnazione degli alloggi messi a disposizione dall&#8217;Azienda per l&#8217;edilizia residenziale pubblica. A beneficiare di un alloggio saranno circa trenta richiedenti (tra singoli e famiglie) che sono [&hellip;]<\/p>\n","protected":false},"author":62,"featured_media":0,"comment_status":"open","ping_status":"open","sticky":false,"template":"","format":"standard","meta":{"footnotes":""},"categories":[7,2428],"tags":[],"class_list":["post-347467","post","type-post","status-publish","format-standard","hentry","category-cronaca","category-primo-piano"],"_links":{"self":[{"href":"https:\/\/www.radioluna.it\/news\/wp-json\/wp\/v2\/posts\/347467","targetHints":{"allow":["GET"]}}],"collection":[{"href":"https:\/\/www.radioluna.it\/news\/wp-json\/wp\/v2\/posts"}],"about":[{"href":"https:\/\/www.radioluna.it\/news\/wp-json\/wp\/v2\/types\/post"}],"author":[{"embeddable":true,"href":"https:\/\/www.radioluna.it\/news\/wp-json\/wp\/v2\/users\/62"}],"replies":[{"embeddable":true,"href":"https:\/\/www.radioluna.it\/news\/wp-json\/wp\/v2\/comments?post=347467"}],"version-history":[{"count":7,"href":"https:\/\/www.radioluna.it\/news\/wp-json\/wp\/v2\/posts\/347467\/revisions"}],"predecessor-version":[{"id":347486,"href":"https:\/\/www.radioluna.it\/news\/wp-json\/wp\/v2\/posts\/347467\/revisions\/347486"}],"wp:attachment":[{"href":"https:\/\/www.radioluna.it\/news\/wp-json\/wp\/v2\/media?parent=347467"}],"wp:term":[{"taxonomy":"category","embeddable":true,"href":"https:\/\/www.radioluna.it\/news\/wp-json\/wp\/v2\/categories?post=347467"},{"taxonomy":"post_tag","embeddable":true,"href":"https:\/\/www.radioluna.it\/news\/wp-json\/wp\/v2\/tags?post=347467"}],"curies":[{"name":"wp","href":"https:\/\/api.w.org\/{rel}","templated":true}]}}