{"id":347488,"date":"2024-03-01T13:33:29","date_gmt":"2024-03-01T12:33:29","guid":{"rendered":"https:\/\/www.radioluna.it\/news\/?p=347488"},"modified":"2024-03-02T09:23:58","modified_gmt":"2024-03-02T08:23:58","slug":"la-scomparsa-di-paolo-taviani-sognava-di-girare-un-nuovo-film-la-prima-scena-immaginata-sulla-spiaggia-di-sabaudia","status":"publish","type":"post","link":"https:\/\/www.radioluna.it\/news\/2024\/03\/la-scomparsa-di-paolo-taviani-sognava-di-girare-un-nuovo-film-la-prima-scena-immaginata-sulla-spiaggia-di-sabaudia\/","title":{"rendered":"La scomparsa di Paolo Taviani, sognava di girare un nuovo film, la prima scena immaginata sulla spiaggia di Sabaudia"},"content":{"rendered":"<div id=\"fb-root\"><\/div>\n<p style=\"text-align: justify;\"><strong><img loading=\"lazy\" decoding=\"async\" class=\"size-full wp-image-347491 alignleft\" src=\"https:\/\/www.radioluna.it\/news\/wp-content\/uploads\/2024\/03\/taviani-e1709296511241.jpg\" alt=\"\" width=\"360\" height=\"373\" \/>LATINA<\/strong> &#8211; Se n&#8217;\u00e8 andato con il sogno di girare un nuovo film, e per le prime scene aveva in mente proprio la spiaggia di Sabaudia, con il Promontorio del Circeo sullo sfondo. Paolo Taviani, il regista scomparso gioved\u00ec 29 febbraio a Roma all\u2019et\u00e0 di 92 anni, a sei anni di distanza dall\u2019inseparabile fratello Vittorio con cui aveva condiviso il lavoro dietro la macchina da presa secondo lo schema &#8220;una scena per uno&#8221;, aveva pronta la sceneggiatura scritta con Anna Pavignano. Titolo del film \u201cIl canto delle Meduse\u201d.\u00a0 Per il cast aveva contattato Alessandro Gassman, Kasia Smutniak e Giuseppe Fiorello, voleva Piovani alle musiche. Poi, a Natale non era stato bene, ma si era ripreso e aveva ricominciato a progettare, perch\u00e9 finch\u00e9 c&#8217;\u00e8 cinema c&#8217;\u00e8 vita.<\/p>\n<p style=\"text-align: justify;\">\u00abAveva fatto i sopralluoghi, pensava alla musica. Non era capace di stare lontano dal set, stava per tornarci. Avrebbe girato con un budget da opera prima, assurdo per l\u2019ultimo dei maestri quale era\u00bb, ha raccontato oggi in un\u2019intervista al Corriere della Sera, l&#8217;amico Pupi Avati.<\/p>\n<p>Il saluto a Paolo Taviani \u00e8 stato fissato luned\u00ec 4 marzo quando si terr\u00e0 la cerimonia laica funebre nella Promototeca del Campidoglio dalle 10 alle 13.<\/p>\n<p>&nbsp;<\/p>\n<div class=\"radio-posizionamento-telefono-in-articoli-dopo-il-contenuto-articolo radio-entity-placement\" id=\"radio-579611413\"><div id=\"radio-1574655870\"><a href=\"https:\/\/grupporedi.it\/\" aria-label=\"Redi-Qr\"><img loading=\"lazy\" decoding=\"async\" src=\"https:\/\/www.radioluna.it\/news\/wp-content\/uploads\/2026\/03\/Redi-Qr.jpg\" alt=\"\"  srcset=\"https:\/\/www.radioluna.it\/news\/wp-content\/uploads\/2026\/03\/Redi-Qr.jpg 800w, https:\/\/www.radioluna.it\/news\/wp-content\/uploads\/2026\/03\/Redi-Qr-768x639.jpg 768w\" sizes=\"(max-width: 800px) 100vw, 800px\" width=\"300\" height=\"250\"   \/><\/a><\/div><\/div>","protected":false},"excerpt":{"rendered":"<p>LATINA &#8211; Se n&#8217;\u00e8 andato con il sogno di girare un nuovo film, e per le prime scene aveva in mente proprio la spiaggia di Sabaudia, con il Promontorio del Circeo sullo sfondo. Paolo Taviani, il regista scomparso gioved\u00ec 29 febbraio a Roma all\u2019et\u00e0 di 92 anni, a sei anni di distanza dall\u2019inseparabile fratello Vittorio [&hellip;]<\/p>\n","protected":false},"author":62,"featured_media":347491,"comment_status":"open","ping_status":"open","sticky":false,"template":"","format":"standard","meta":{"footnotes":""},"categories":[15,734],"tags":[],"class_list":["post-347488","post","type-post","status-publish","format-standard","has-post-thumbnail","hentry","category-cultura","category-evidenza"],"_links":{"self":[{"href":"https:\/\/www.radioluna.it\/news\/wp-json\/wp\/v2\/posts\/347488","targetHints":{"allow":["GET"]}}],"collection":[{"href":"https:\/\/www.radioluna.it\/news\/wp-json\/wp\/v2\/posts"}],"about":[{"href":"https:\/\/www.radioluna.it\/news\/wp-json\/wp\/v2\/types\/post"}],"author":[{"embeddable":true,"href":"https:\/\/www.radioluna.it\/news\/wp-json\/wp\/v2\/users\/62"}],"replies":[{"embeddable":true,"href":"https:\/\/www.radioluna.it\/news\/wp-json\/wp\/v2\/comments?post=347488"}],"version-history":[{"count":4,"href":"https:\/\/www.radioluna.it\/news\/wp-json\/wp\/v2\/posts\/347488\/revisions"}],"predecessor-version":[{"id":347493,"href":"https:\/\/www.radioluna.it\/news\/wp-json\/wp\/v2\/posts\/347488\/revisions\/347493"}],"wp:featuredmedia":[{"embeddable":true,"href":"https:\/\/www.radioluna.it\/news\/wp-json\/wp\/v2\/media\/347491"}],"wp:attachment":[{"href":"https:\/\/www.radioluna.it\/news\/wp-json\/wp\/v2\/media?parent=347488"}],"wp:term":[{"taxonomy":"category","embeddable":true,"href":"https:\/\/www.radioluna.it\/news\/wp-json\/wp\/v2\/categories?post=347488"},{"taxonomy":"post_tag","embeddable":true,"href":"https:\/\/www.radioluna.it\/news\/wp-json\/wp\/v2\/tags?post=347488"}],"curies":[{"name":"wp","href":"https:\/\/api.w.org\/{rel}","templated":true}]}}