{"id":347531,"date":"2024-03-02T09:15:29","date_gmt":"2024-03-02T08:15:29","guid":{"rendered":"https:\/\/www.radioluna.it\/news\/?p=347531"},"modified":"2024-03-04T08:38:12","modified_gmt":"2024-03-04T07:38:12","slug":"gaeta-federico-colaninno-nel-team-giovanile-di-luna-rossa-prada-pirelli","status":"publish","type":"post","link":"https:\/\/www.radioluna.it\/news\/2024\/03\/gaeta-federico-colaninno-nel-team-giovanile-di-luna-rossa-prada-pirelli\/","title":{"rendered":"Gaeta, Federico Colaninno nel team giovanile di Luna Rossa Prada Pirelli"},"content":{"rendered":"<div id=\"fb-root\"><\/div>\n<p style=\"text-align: justify;\"><strong>LATINA<\/strong> &#8211; C\u2019\u00e8 un giovane velista di Gaeta nel gruppo dei giovani di Luna Rossa Prada Pirelli che parteciper\u00e0 UniCredit Youth America\u2019s Cup (17 \u2013 26 settembre), la competizione giovanile nell&#8217;ambito della 37\u00b0 edizione della competizione velistica pi\u00f9 importante al mondo. E\u2019 Federico Colaninno (nel ruolo di trimmer) alla regolazione delle vele, lui \u00e8 un esperto randista.\u00a0 La selezione \u00e8 avvenuta dopo mesi di training e di test effettuati presso la base del team, durante specifiche sessioni di allenamento, a terra e in mare. \u00abSono molto contento delle scelte fatte, ma non \u00e8 stato facile\u00bb, spiega Max Sirena, Skipper e Team Director di Luna Rossa Prada Pirelli. \u00abLa rosa dei candidati era molto valida, perch\u00e9 costituita da atleti con un ottimo background, che nella propria carriera hanno raggiunto importanti risultati a livello mondiale se non, addirittura, qualificazioni olimpiche.<\/p>\n<p style=\"text-align: justify;\">Federico Colaninno (figlio di Nando atleta olimpico a Sydney 2000 nella classe Star) \u00e8 stato con i colori dello Yacht Club Gaeta Campione Mondiale Finn Under 19 per due anni consecutivi, nel 2017 e 2018. L\u2019anno successivo \u00e8 vicecampione Europeo Match Race e e campione italiano classe Finn. Con\u00a0 lo Yacht Club Costa Smeralda, nel 2020 si riconferma campione nazionale Finn.<\/p>\n<p style=\"text-align: justify;\">La squadra giovanile comprende: Guido Gallinaro (timoniere), Gianluigi Ugolini (timoniere), Federico Colaninno (trimmer), Stefano Dezulian (trimmer) e Rocco Falcone (timoniere\/trimmer). Anche Marco Gradoni (timoniere), che \u00e8 gi\u00e0 membro del sailing team di Luna Rossa Prada Pirelli, \u00e8 stato convocato nell\u2019equipaggio Under 25.<\/p>\n<p style=\"text-align: justify;\">&#8220;Sono estremamente soddisfatto di vedere le atlete e gli atleti italiani impegnati nel progetto Youth &amp; Women\u2019s Americas\u2019s Cup che incarna l\u2019eccellenza della vela. Sono sicuro che daranno il massimo per portare in alto il nome dell&#8217;Italia,&#8221; commenta con grande soddisfazione il presidente della Federazione Italiana Vela Francesco Ettorre, in merito alla comunicazione dei team giovanili e femminili di Luna Rossa Prada Pirelli, avvenuta a Cagliari, presso la sede del challenger italiano alla 37^ Coppa America.<\/p>\n<p style=\"text-align: justify;\">\n<div class=\"radio-posizionamento-telefono-in-articoli-dopo-il-contenuto-articolo radio-entity-placement\" id=\"radio-1526814805\"><div id=\"radio-2656751934\"><a href=\"https:\/\/grupporedi.it\/\" aria-label=\"Redi-Qr\"><img loading=\"lazy\" decoding=\"async\" src=\"https:\/\/www.radioluna.it\/news\/wp-content\/uploads\/2026\/03\/Redi-Qr.jpg\" alt=\"\"  srcset=\"https:\/\/www.radioluna.it\/news\/wp-content\/uploads\/2026\/03\/Redi-Qr.jpg 800w, https:\/\/www.radioluna.it\/news\/wp-content\/uploads\/2026\/03\/Redi-Qr-768x639.jpg 768w\" sizes=\"(max-width: 800px) 100vw, 800px\" width=\"300\" height=\"250\"   \/><\/a><\/div><\/div>","protected":false},"excerpt":{"rendered":"<p>LATINA &#8211; C\u2019\u00e8 un giovane velista di Gaeta nel gruppo dei giovani di Luna Rossa Prada Pirelli che parteciper\u00e0 UniCredit Youth America\u2019s Cup (17 \u2013 26 settembre), la competizione giovanile nell&#8217;ambito della 37\u00b0 edizione della competizione velistica pi\u00f9 importante al mondo. E\u2019 Federico Colaninno (nel ruolo di trimmer) alla regolazione delle vele, lui \u00e8 un [&hellip;]<\/p>\n","protected":false},"author":5430,"featured_media":347532,"comment_status":"open","ping_status":"open","sticky":false,"template":"","format":"standard","meta":{"footnotes":""},"categories":[734,17],"tags":[],"class_list":["post-347531","post","type-post","status-publish","format-standard","has-post-thumbnail","hentry","category-evidenza","category-sport"],"_links":{"self":[{"href":"https:\/\/www.radioluna.it\/news\/wp-json\/wp\/v2\/posts\/347531","targetHints":{"allow":["GET"]}}],"collection":[{"href":"https:\/\/www.radioluna.it\/news\/wp-json\/wp\/v2\/posts"}],"about":[{"href":"https:\/\/www.radioluna.it\/news\/wp-json\/wp\/v2\/types\/post"}],"author":[{"embeddable":true,"href":"https:\/\/www.radioluna.it\/news\/wp-json\/wp\/v2\/users\/5430"}],"replies":[{"embeddable":true,"href":"https:\/\/www.radioluna.it\/news\/wp-json\/wp\/v2\/comments?post=347531"}],"version-history":[{"count":3,"href":"https:\/\/www.radioluna.it\/news\/wp-json\/wp\/v2\/posts\/347531\/revisions"}],"predecessor-version":[{"id":347535,"href":"https:\/\/www.radioluna.it\/news\/wp-json\/wp\/v2\/posts\/347531\/revisions\/347535"}],"wp:featuredmedia":[{"embeddable":true,"href":"https:\/\/www.radioluna.it\/news\/wp-json\/wp\/v2\/media\/347532"}],"wp:attachment":[{"href":"https:\/\/www.radioluna.it\/news\/wp-json\/wp\/v2\/media?parent=347531"}],"wp:term":[{"taxonomy":"category","embeddable":true,"href":"https:\/\/www.radioluna.it\/news\/wp-json\/wp\/v2\/categories?post=347531"},{"taxonomy":"post_tag","embeddable":true,"href":"https:\/\/www.radioluna.it\/news\/wp-json\/wp\/v2\/tags?post=347531"}],"curies":[{"name":"wp","href":"https:\/\/api.w.org\/{rel}","templated":true}]}}