{"id":347706,"date":"2024-03-05T16:39:21","date_gmt":"2024-03-05T15:39:21","guid":{"rendered":"https:\/\/www.radioluna.it\/news\/?p=347706"},"modified":"2024-03-05T16:41:46","modified_gmt":"2024-03-05T15:41:46","slug":"mozione-pd-su-lavoro-sicuro-il-consiglio-comunale-di-latina-approva-ladesione-al-protocollo-della-provincia","status":"publish","type":"post","link":"https:\/\/www.radioluna.it\/news\/2024\/03\/mozione-pd-su-lavoro-sicuro-il-consiglio-comunale-di-latina-approva-ladesione-al-protocollo-della-provincia\/","title":{"rendered":"Mozione Pd su lavoro sicuro, il Consiglio comunale di Latina approva l&#8217;adesione al protocollo della Provincia"},"content":{"rendered":"<div id=\"fb-root\"><\/div>\n<p style=\"text-align: justify;\"><strong>LATINA &#8211;<\/strong> Il Consiglio Comunale di Latina ha approvato all\u2019unanimit\u00e0 la mozione presentata dal gruppo del PD Latina sull\u2019adesione al protocollo d\u2019intesa per la regolarit\u00e0 e la sicurezza del lavoro nel settore degli appalti pubblici della Provincia di Latina. \u201cCon questa votazione dimostriamo che il Comune di Latina ha a cuore la tutela della legalit\u00e0 e della regolarit\u00e0 dei lavori nel settore degli appalti pubblici, nonch\u00e9 di garantire il pieno e totale rispetto dei diritti dei lavoratori, la massima sicurezza nei cantieri, la corretta applicazione dei CCNL e della relativa contrattazione integrativa\u201d, commentano dal gruppo consiliare del PD Latina, Valeria Campagna, Daniela Fiore, Leonardo Majocchi.<\/p>\n<p style=\"text-align: justify;\">Il documento era stato approvato il 14 novembre 2023 con decreto ministeriale e sottoscritto da: Fillea Cgil Frosinone Latina; Filca Cisl Latina; Feneal Uil Latina; Ance Latina; Confapi Aniem Lazio; Confapi Latina; CNA costruzioni; Provincia di Latina. E, riferisce il gruppo: \u201cIntrodurr\u00e0 una serie di tutele in termini di sicurezza e prevenzione. Quella delle morti sul lavoro \u00e8 diventata una piaga che ha ormai raggiunto livelli impressionati se pensiamo che ogni mese si contano, in Italia, circa 50.000 infortuni e 100 decessi\u201d.<\/p>\n<p style=\"text-align: justify;\">\u201cIl protocollo \u2013 spiegano \u2013 prevede, tra le altre cose, l\u2019attivazione del badge elettronico di cantiere come strumento digitale attraverso il quale si ha la rilevazione in tempo reale della presenza delle maestranze. Il badge \u00e8 in grado anche di restituire un quadro sempre aggiornato della regolarit\u00e0 contributiva e previdenziale del personale. Nel protocollo viene anche previsto che l\u2019ente Bilaterale di riferimento, durante lo svolgimento dei lavori, proceda ad almeno due sopralluoghi per la verifica del rispetto di tutti gli adempimenti sulla sicurezza\u201d.<\/p>\n<p style=\"text-align: justify;\">\u201cRingraziamo \u2013 concludono Campagna, Fiore e Majocchi \u2013 i consiglieri e le consigliere di tutti i gruppi politici per aver sottoscritto la mozione. Ed invitiamo la giunta, quindi gli uffici competenti, ad applicare tutte le clausole del protocollo ai futuri capitolati, atti, contratti e bandi di gara\u201d.<\/p>\n<div class=\"radio-posizionamento-telefono-in-articoli-dopo-il-contenuto-articolo radio-entity-placement\" id=\"radio-2404117870\"><div id=\"radio-634839914\"><a href=\"https:\/\/grupporedi.it\/\" aria-label=\"Redi-Qr\"><img loading=\"lazy\" decoding=\"async\" src=\"https:\/\/www.radioluna.it\/news\/wp-content\/uploads\/2026\/03\/Redi-Qr.jpg\" alt=\"\"  srcset=\"https:\/\/www.radioluna.it\/news\/wp-content\/uploads\/2026\/03\/Redi-Qr.jpg 800w, https:\/\/www.radioluna.it\/news\/wp-content\/uploads\/2026\/03\/Redi-Qr-768x639.jpg 768w\" sizes=\"(max-width: 800px) 100vw, 800px\" width=\"300\" height=\"250\"   \/><\/a><\/div><\/div>","protected":false},"excerpt":{"rendered":"<p>LATINA &#8211; Il Consiglio Comunale di Latina ha approvato all\u2019unanimit\u00e0 la mozione presentata dal gruppo del PD Latina sull\u2019adesione al protocollo d\u2019intesa per la regolarit\u00e0 e la sicurezza del lavoro nel settore degli appalti pubblici della Provincia di Latina. \u201cCon questa votazione dimostriamo che il Comune di Latina ha a cuore la tutela della legalit\u00e0 [&hellip;]<\/p>\n","protected":false},"author":60,"featured_media":307484,"comment_status":"open","ping_status":"open","sticky":false,"template":"","format":"standard","meta":{"footnotes":""},"categories":[8],"tags":[],"class_list":["post-347706","post","type-post","status-publish","format-standard","has-post-thumbnail","hentry","category-politica"],"_links":{"self":[{"href":"https:\/\/www.radioluna.it\/news\/wp-json\/wp\/v2\/posts\/347706","targetHints":{"allow":["GET"]}}],"collection":[{"href":"https:\/\/www.radioluna.it\/news\/wp-json\/wp\/v2\/posts"}],"about":[{"href":"https:\/\/www.radioluna.it\/news\/wp-json\/wp\/v2\/types\/post"}],"author":[{"embeddable":true,"href":"https:\/\/www.radioluna.it\/news\/wp-json\/wp\/v2\/users\/60"}],"replies":[{"embeddable":true,"href":"https:\/\/www.radioluna.it\/news\/wp-json\/wp\/v2\/comments?post=347706"}],"version-history":[{"count":2,"href":"https:\/\/www.radioluna.it\/news\/wp-json\/wp\/v2\/posts\/347706\/revisions"}],"predecessor-version":[{"id":347708,"href":"https:\/\/www.radioluna.it\/news\/wp-json\/wp\/v2\/posts\/347706\/revisions\/347708"}],"wp:featuredmedia":[{"embeddable":true,"href":"https:\/\/www.radioluna.it\/news\/wp-json\/wp\/v2\/media\/307484"}],"wp:attachment":[{"href":"https:\/\/www.radioluna.it\/news\/wp-json\/wp\/v2\/media?parent=347706"}],"wp:term":[{"taxonomy":"category","embeddable":true,"href":"https:\/\/www.radioluna.it\/news\/wp-json\/wp\/v2\/categories?post=347706"},{"taxonomy":"post_tag","embeddable":true,"href":"https:\/\/www.radioluna.it\/news\/wp-json\/wp\/v2\/tags?post=347706"}],"curies":[{"name":"wp","href":"https:\/\/api.w.org\/{rel}","templated":true}]}}