{"id":347712,"date":"2024-03-05T18:18:21","date_gmt":"2024-03-05T17:18:21","guid":{"rendered":"https:\/\/www.radioluna.it\/news\/?p=347712"},"modified":"2024-03-07T13:10:46","modified_gmt":"2024-03-07T12:10:46","slug":"usucapione-pubblica-il-si-del-consiglio-di-latina-alla-proposta-di-lbc","status":"publish","type":"post","link":"https:\/\/www.radioluna.it\/news\/2024\/03\/usucapione-pubblica-il-si-del-consiglio-di-latina-alla-proposta-di-lbc\/","title":{"rendered":"Usucapione Pubblica, il s\u00ec del Consiglio di Latina alla proposta di Lbc"},"content":{"rendered":"<div id=\"fb-root\"><\/div>\n<p style=\"text-align: justify;\"><strong>LATINA<\/strong> &#8211; E\u2019 stata approvata all\u2019unanimit\u00e0 dell\u2019aula consiliare la mozione presentata da Lbc sull\u2019usucapione pubblica. \u201cSiamo lieti che la proposta del movimento sia stata accolta e apprezzata anche dalla maggioranza, segno che, uscendo dalle logiche delle rivendicazioni di parte, \u00e8 possibile lavorare per un obiettivo comune.\u00a0 Questa mozione \u00e8 frutto di un approfondimento sulle buone pratiche di altri Comuni del Paese, che anche l\u2019amministrazione di Latina pu\u00f2 mettere in campo. Attraverso lo strumento giuridico dell\u2019usucapione pubblica il Comune pu\u00f2 infatti risparmiare e, laddove possibile, acquisire definitivamente al patrimonio strade e larghi di propriet\u00e0 privata che sono da 20 anni ad uso pubblico, sanando cos\u00ec un\u2019infinit\u00e0 di situazioni presenti soprattutto nelle nostre periferie e nei borghi &#8211; scrivono in una nota i consiglieri del gruppo Lbc, Dario Bellini, Damiano Coletta, Floriana Coletta e Loretta Isotton &#8211; .\u00a0 Parliamo di strade non asfaltate o ammalorate, spesso prive di servizi essenziali come fognature e illuminazione pubblica, su cui sar\u00e0 possibile intervenire migliorando la qualit\u00e0 abitativa dei territori. Quello dell\u2019usucapione pubblica \u00e8 infatti uno strumento gi\u00e0 applicato efficacemente in altri Comuni d\u2019Italia, tra cui Torino dagli anni \u201890, che pu\u00f2 essere utilizzato senza ricorrere alla perequazione o agli espropri, metodi validi ma onerosi per il Comune di cui ci si pu\u00f2 servire in altri casi ma che non possono essere gli unici con cui gestire un patrimonio di una citt\u00e0 giovane che \u00e8 velocemente cresciuta. Con la mozione approvata dall\u2019aula consiliare si impegna la sindaca e la giunta a compiere un censimento delle strade e dei larghi che \u00e8 possibile e necessario acquisire, procedendo cos\u00ec alla comunalizzazione\u201d.<\/p>\n<div class=\"radio-posizionamento-telefono-in-articoli-dopo-il-contenuto-articolo radio-entity-placement\" id=\"radio-3203748287\"><div id=\"radio-1079995088\" style=\"width: 300px;height: 250px;\"><a href=\"https:\/\/www.icarspa.it\/auto\/usate\/latina\/\" aria-label=\"banner aprile icar new life &#8211; auto usate latina\"><img loading=\"lazy\" decoding=\"async\" src=\"https:\/\/www.radioluna.it\/news\/wp-content\/uploads\/2026\/02\/banner-aprile-icar-new-life-auto-usate-latina.gif\" alt=\"\"  width=\"300\" height=\"250\"   \/><\/a><\/div><\/div>","protected":false},"excerpt":{"rendered":"<p>LATINA &#8211; E\u2019 stata approvata all\u2019unanimit\u00e0 dell\u2019aula consiliare la mozione presentata da Lbc sull\u2019usucapione pubblica. \u201cSiamo lieti che la proposta del movimento sia stata accolta e apprezzata anche dalla maggioranza, segno che, uscendo dalle logiche delle rivendicazioni di parte, \u00e8 possibile lavorare per un obiettivo comune.\u00a0 Questa mozione \u00e8 frutto di un approfondimento sulle buone [&hellip;]<\/p>\n","protected":false},"author":60,"featured_media":333778,"comment_status":"open","ping_status":"open","sticky":false,"template":"","format":"standard","meta":{"footnotes":""},"categories":[8],"tags":[],"class_list":["post-347712","post","type-post","status-publish","format-standard","has-post-thumbnail","hentry","category-politica"],"_links":{"self":[{"href":"https:\/\/www.radioluna.it\/news\/wp-json\/wp\/v2\/posts\/347712","targetHints":{"allow":["GET"]}}],"collection":[{"href":"https:\/\/www.radioluna.it\/news\/wp-json\/wp\/v2\/posts"}],"about":[{"href":"https:\/\/www.radioluna.it\/news\/wp-json\/wp\/v2\/types\/post"}],"author":[{"embeddable":true,"href":"https:\/\/www.radioluna.it\/news\/wp-json\/wp\/v2\/users\/60"}],"replies":[{"embeddable":true,"href":"https:\/\/www.radioluna.it\/news\/wp-json\/wp\/v2\/comments?post=347712"}],"version-history":[{"count":1,"href":"https:\/\/www.radioluna.it\/news\/wp-json\/wp\/v2\/posts\/347712\/revisions"}],"predecessor-version":[{"id":347713,"href":"https:\/\/www.radioluna.it\/news\/wp-json\/wp\/v2\/posts\/347712\/revisions\/347713"}],"wp:featuredmedia":[{"embeddable":true,"href":"https:\/\/www.radioluna.it\/news\/wp-json\/wp\/v2\/media\/333778"}],"wp:attachment":[{"href":"https:\/\/www.radioluna.it\/news\/wp-json\/wp\/v2\/media?parent=347712"}],"wp:term":[{"taxonomy":"category","embeddable":true,"href":"https:\/\/www.radioluna.it\/news\/wp-json\/wp\/v2\/categories?post=347712"},{"taxonomy":"post_tag","embeddable":true,"href":"https:\/\/www.radioluna.it\/news\/wp-json\/wp\/v2\/tags?post=347712"}],"curies":[{"name":"wp","href":"https:\/\/api.w.org\/{rel}","templated":true}]}}