{"id":347717,"date":"2024-03-05T18:44:45","date_gmt":"2024-03-05T17:44:45","guid":{"rendered":"https:\/\/www.radioluna.it\/news\/?p=347717"},"modified":"2024-03-05T18:44:45","modified_gmt":"2024-03-05T17:44:45","slug":"il-segretario-del-papa-a-fossanova-per-il-750-dalla-morte-di-san-tommaso-daquino","status":"publish","type":"post","link":"https:\/\/www.radioluna.it\/news\/2024\/03\/il-segretario-del-papa-a-fossanova-per-il-750-dalla-morte-di-san-tommaso-daquino\/","title":{"rendered":"Il segretario del Papa a Fossanova per il 750\u00b0 dalla morte di San Tommaso D&#8217;Aquino"},"content":{"rendered":"<div id=\"fb-root\"><\/div>\n<p style=\"text-align: justify;\"><strong>PRIVERNO\u00a0<\/strong> &#8211; Il prossimo 7 marzo la chiesa pontina celebrer\u00e0 il 750\u00b0 anniversario della morte di san Tommaso d\u2019Aquino, compatrono della Diocesi e patrono della citt\u00e0 di Priverno. Alle 18, nell\u2019abbazia di Fossanova si terr\u00e0 la celebrazione solenne presieduta dal cardinale Pietro Parolin, Segretario di Stato di Papa Francesco. A fare gli onori di casa il vescovo Mariano Crociata, che accoglier\u00e0 i fedeli che vorranno partecipare alla messa e le autorit\u00e0 istituzionali e politiche pontine, a iniziare dal sindaco di Priverno Anna Maria Bilancia.<\/p>\n<p style=\"text-align: justify;\">Prevista la partecipazione di altri vescovi e sacerdoti concelebranti. Sempre nello stesso giorno, il borgo di Fossanova ospiter\u00e0 la Pontificia Accademia delle Scienze sociali, di cui il cardinale Peter Turkson \u00e8 il Cancelliere e suor Helen Alford la presidente, per una sessione del loro workshop scientifico sull\u2019aquinate.<\/p>\n<p style=\"text-align: justify;\">&#8220;La festa al 7 marzo\u00a0 &#8211; spiegano dalla Diocesi &#8211; \u00e8 prevista dal martirologio romano dei Santi solo per Fossanova e Priverno poich\u00e9 in questo giorno \u00e8 avvenuta la sua morte proprio nell\u2019abbazia di Fossanova. Nel resto della Chiesa la memoria liturgica \u00e8 fissata al 28 gennaio per ricordare la traslazione delle spoglie di san Tommaso d\u2019Aquino, avvenuta nel 1369, verso i conventi domenicani francesi di Tolosa&#8221;.<\/p>\n<p style=\"text-align: justify;\"><strong>IL TRIDUO<\/strong> &#8211; Anche la comunit\u00e0 ecclesiale di Priverno ha iniziato a festeggiare il suo patrono san Tommaso d\u2019Aquino. Il parroco della concattedrale di Santa Maria, a Priverno, don Alessandro Trani insieme ai suoi collaboratori ha organizzato la \u201cQuaranta Ore\u201d nei giorni del Triduo, con la messa e l\u2019Adorazione Eucaristica. Il 6 marzo, invece, la messa vespertina, ore 17.30, sar\u00e0 presieduta dal vescovo Mariano Crociata. A seguire inizier\u00e0 la processione con la reliquia del santo aquinate, che partir\u00e0 da piazza Giovanni XXIII per arrivare alla chiesa di Sant\u2019Antonio abate. Da qui il trasferimento verso Fossanova, dove alle ore 20.00 \u00e8 prevista l\u2019accoglienza della reliquia con cui il vescovo Crociata poi affider\u00e0 la citt\u00e0 di Priverno e l\u2019intera Diocesi a san Tommaso d\u2019Aquino.<\/p>\n<p>&nbsp;<\/p>\n<div class=\"radio-posizionamento-telefono-in-articoli-dopo-il-contenuto-articolo radio-entity-placement\" id=\"radio-1001593485\"><div id=\"radio-2199228412\"><a href=\"https:\/\/www.simeoneceramiche.com\/\" aria-label=\"SIMEONE CERAMICHE GIF animata per radioluna_Tavola disegno 1 copia 2 (online-video-cutter.com)\"><img loading=\"lazy\" decoding=\"async\" src=\"https:\/\/www.radioluna.it\/news\/wp-content\/uploads\/2025\/05\/SIMEONE-CERAMICHE-GIF-animata-per-radioluna_Tavola-disegno-1-copia-2-online-video-cutter.com_.gif\" alt=\"\"  width=\"300\" height=\"250\"   \/><\/a><\/div><\/div>","protected":false},"excerpt":{"rendered":"<p>PRIVERNO\u00a0 &#8211; Il prossimo 7 marzo la chiesa pontina celebrer\u00e0 il 750\u00b0 anniversario della morte di san Tommaso d\u2019Aquino, compatrono della Diocesi e patrono della citt\u00e0 di Priverno. Alle 18, nell\u2019abbazia di Fossanova si terr\u00e0 la celebrazione solenne presieduta dal cardinale Pietro Parolin, Segretario di Stato di Papa Francesco. A fare gli onori di casa [&hellip;]<\/p>\n","protected":false},"author":62,"featured_media":333311,"comment_status":"open","ping_status":"open","sticky":false,"template":"","format":"standard","meta":{"footnotes":""},"categories":[16,734],"tags":[],"class_list":["post-347717","post","type-post","status-publish","format-standard","has-post-thumbnail","hentry","category-appuntamenti","category-evidenza"],"_links":{"self":[{"href":"https:\/\/www.radioluna.it\/news\/wp-json\/wp\/v2\/posts\/347717","targetHints":{"allow":["GET"]}}],"collection":[{"href":"https:\/\/www.radioluna.it\/news\/wp-json\/wp\/v2\/posts"}],"about":[{"href":"https:\/\/www.radioluna.it\/news\/wp-json\/wp\/v2\/types\/post"}],"author":[{"embeddable":true,"href":"https:\/\/www.radioluna.it\/news\/wp-json\/wp\/v2\/users\/62"}],"replies":[{"embeddable":true,"href":"https:\/\/www.radioluna.it\/news\/wp-json\/wp\/v2\/comments?post=347717"}],"version-history":[{"count":1,"href":"https:\/\/www.radioluna.it\/news\/wp-json\/wp\/v2\/posts\/347717\/revisions"}],"predecessor-version":[{"id":347718,"href":"https:\/\/www.radioluna.it\/news\/wp-json\/wp\/v2\/posts\/347717\/revisions\/347718"}],"wp:featuredmedia":[{"embeddable":true,"href":"https:\/\/www.radioluna.it\/news\/wp-json\/wp\/v2\/media\/333311"}],"wp:attachment":[{"href":"https:\/\/www.radioluna.it\/news\/wp-json\/wp\/v2\/media?parent=347717"}],"wp:term":[{"taxonomy":"category","embeddable":true,"href":"https:\/\/www.radioluna.it\/news\/wp-json\/wp\/v2\/categories?post=347717"},{"taxonomy":"post_tag","embeddable":true,"href":"https:\/\/www.radioluna.it\/news\/wp-json\/wp\/v2\/tags?post=347717"}],"curies":[{"name":"wp","href":"https:\/\/api.w.org\/{rel}","templated":true}]}}