{"id":347960,"date":"2024-03-09T08:34:13","date_gmt":"2024-03-09T07:34:13","guid":{"rendered":"https:\/\/www.radioluna.it\/news\/?p=347960"},"modified":"2024-03-09T08:34:13","modified_gmt":"2024-03-09T07:34:13","slug":"cisterna-volley-protagonista-nelle-statistiche-della-regular-season","status":"publish","type":"post","link":"https:\/\/www.radioluna.it\/news\/2024\/03\/cisterna-volley-protagonista-nelle-statistiche-della-regular-season\/","title":{"rendered":"Cisterna Volley protagonista nelle statistiche della regular season"},"content":{"rendered":"<div id=\"fb-root\"><\/div>\n<p style=\"text-align: justify;\">CISTERNA DI LATINA &#8211; La positiva stagione del Cisterna Volley nella regular season, che ha portato la squadra guidata da coach Guillermo Falasca a centrare con largo anticipo l\u2019obiettivo salvezza e che ha permesso ai pontini di lottare fino alla fine anche per l\u2019accesso ai play-off, ha portato anche altre note interessanti. Nelle classifiche di rendimento individuali spiccano tre giocatori che sono stati protagonisti nelle rispettive specialit\u00e0: Faure, Ramon e Nedeljkovic. l\u2019opposto francese Theo Faure \u00e8 risultato il primo nella graduatoria dei punti realizzati, ben 420 in 22 partite di regular season, alla media di 4,94 punti per set: Theo ha guidato la classifica praticamente dall\u2019inizio della stagione, staccando di molto i suoi inseguitori come Buccheger (407), Lagumdzija (352) e Michieletto (348).<\/p>\n<p style=\"text-align: justify;\">\u00abSono molto contento di tutta l&#8217;esperienza maturata in questa prima stagione in Superlega mentre a livello di squadra siamo riusciti anche a giocarci un posto nei play-off fino alla fine anche se purtroppo quest&#8217;anno non \u00e8 successo ma \u00e8 comunque stata una bella esperienza, dopo aver centrato la salvezza &#8211; chiarisce Faure &#8211; Per la classifica dei punti posso dire che sono felice ed \u00e8 un bellissimo riconoscimento personale ma che \u00e8 arrivato anche per il grande lavoro che abbiamo svolto a livello di squadra. L\u2019importante \u00e8 mantenere la continuit\u00e0 perch\u00e9 ora abbiamo ancora qualcosa da giocarci con questa squadra grazie al torneo che mette in palio quinto posto e per questo dovremo mantenere questa continuit\u00e0\u00bb.<\/p>\n<p style=\"text-align: justify;\">Nella graduatoria degli aces \u00e8 stato protagonista un altro giocatore del Cisterna Volley, Jordi Ramon. Lo spagnolo ha ottenuto ben 39 punti diretti che gli hanno permesso di precedere di molto gli altri: Davyskiba, Semeniuk e Lagumdzija, tutti a 33 aces, poco dietro anche Theo Faure con 30 punti dalla linea dei nove metri.<\/p>\n<p style=\"text-align: justify;\">\u00abSono molto contento di come sia andata questa stagione consapevole del fatto che si tratta della prima esperienza in Italia, un campionato dove non \u00e8 sempre facile esprimersi perch\u00e9 tutti conosciamo il livello altissimo della Superlega che \u00e8 il torneo pi\u00f9 forte del mondo &#8211; ha chiarito il martello maiorchino &#8211; vincere la classifica degli aces \u00e8 una grande soddisfazione, sono orgoglioso di questo perch\u00e9 so quanto \u00e8 complicato: ora dobbiamo continuare a spingere e poi pensare al futuro dove dovremo continuare sempre a fare bene\u00bb.<\/p>\n<p style=\"text-align: justify;\">C\u2019\u00e8 un altro giocatore del Cisterna Volley che \u00e8 risultato protagonista nella classifica individuale dei muri: si tratta del centrale serbo Aleksander Nedeljkovic che s\u2019\u00e8 piazzato in seconda posizione con 58 block vincenti alle spalle di Loser (68) e davanti a Simon (58) e Podrascanin (51). Lo specialista serbo \u00e8 stato, nel corso della stagione, anche al vertice della classifica occupando spesso la prima posizione e restando, comunque, sempre molto in alto. Tra i top 20 in questa speciale classifica, per il Cisterna, c\u2019\u00e8 da segnalare anche Daniele Mazzone, autore finora di una stagione importante.<\/p>\n<div class=\"radio-posizionamento-telefono-in-articoli-dopo-il-contenuto-articolo radio-entity-placement\" id=\"radio-3937243398\"><div id=\"radio-2993064659\"><a href=\"https:\/\/grupporedi.it\/\" aria-label=\"Redi-Qr\"><img loading=\"lazy\" decoding=\"async\" src=\"https:\/\/www.radioluna.it\/news\/wp-content\/uploads\/2026\/03\/Redi-Qr.jpg\" alt=\"\"  srcset=\"https:\/\/www.radioluna.it\/news\/wp-content\/uploads\/2026\/03\/Redi-Qr.jpg 800w, https:\/\/www.radioluna.it\/news\/wp-content\/uploads\/2026\/03\/Redi-Qr-768x639.jpg 768w\" sizes=\"(max-width: 800px) 100vw, 800px\" width=\"300\" height=\"250\"   \/><\/a><\/div><\/div>","protected":false},"excerpt":{"rendered":"<p>CISTERNA DI LATINA &#8211; La positiva stagione del Cisterna Volley nella regular season, che ha portato la squadra guidata da coach Guillermo Falasca a centrare con largo anticipo l\u2019obiettivo salvezza e che ha permesso ai pontini di lottare fino alla fine anche per l\u2019accesso ai play-off, ha portato anche altre note interessanti. Nelle classifiche di [&hellip;]<\/p>\n","protected":false},"author":5430,"featured_media":0,"comment_status":"open","ping_status":"open","sticky":false,"template":"","format":"standard","meta":{"footnotes":""},"categories":[734,17],"tags":[],"class_list":["post-347960","post","type-post","status-publish","format-standard","hentry","category-evidenza","category-sport"],"_links":{"self":[{"href":"https:\/\/www.radioluna.it\/news\/wp-json\/wp\/v2\/posts\/347960","targetHints":{"allow":["GET"]}}],"collection":[{"href":"https:\/\/www.radioluna.it\/news\/wp-json\/wp\/v2\/posts"}],"about":[{"href":"https:\/\/www.radioluna.it\/news\/wp-json\/wp\/v2\/types\/post"}],"author":[{"embeddable":true,"href":"https:\/\/www.radioluna.it\/news\/wp-json\/wp\/v2\/users\/5430"}],"replies":[{"embeddable":true,"href":"https:\/\/www.radioluna.it\/news\/wp-json\/wp\/v2\/comments?post=347960"}],"version-history":[{"count":0,"href":"https:\/\/www.radioluna.it\/news\/wp-json\/wp\/v2\/posts\/347960\/revisions"}],"wp:attachment":[{"href":"https:\/\/www.radioluna.it\/news\/wp-json\/wp\/v2\/media?parent=347960"}],"wp:term":[{"taxonomy":"category","embeddable":true,"href":"https:\/\/www.radioluna.it\/news\/wp-json\/wp\/v2\/categories?post=347960"},{"taxonomy":"post_tag","embeddable":true,"href":"https:\/\/www.radioluna.it\/news\/wp-json\/wp\/v2\/tags?post=347960"}],"curies":[{"name":"wp","href":"https:\/\/api.w.org\/{rel}","templated":true}]}}