{"id":347971,"date":"2024-03-11T08:45:56","date_gmt":"2024-03-11T07:45:56","guid":{"rendered":"https:\/\/www.radioluna.it\/news\/?p=347971"},"modified":"2024-03-11T15:33:13","modified_gmt":"2024-03-11T14:33:13","slug":"latina-capitale-della-cultura-2026-le-polemiche-non-si-spengono","status":"publish","type":"post","link":"https:\/\/www.radioluna.it\/news\/2024\/03\/latina-capitale-della-cultura-2026-le-polemiche-non-si-spengono\/","title":{"rendered":"Latina Capitale della Cultura 2026, le polemiche non si spengono: duello Guercio-Muzio"},"content":{"rendered":"<div id=\"fb-root\"><\/div>\n<div dir=\"auto\" style=\"text-align: justify;\"><strong>LATINA &#8211;\u00a0 Continua a far discutere il dossier presentato da Latina alla finale di Capitale della Cultura che il comune ha deciso di rendere noto nei giorni scorsi. <\/strong>Dopo i malumori all&#8217;indomani dell&#8217;audizione davanti alla commissione giudicatrice al Ministero della Cultura, la critica pi\u00f9 pesante arriva da Maurizio Guercio, architetto, ex assessore all&#8217;Ambiente con Zaccheo, presidente dell&#8217;Associazione culturale Anima Latina, che critica punto su punto quelli che considera evidentemente errori e imprecisioni grossolane, per concludere che &#8220;la partecipazione a eventi di respiro nazionale come &#8220;Capitale della Cultura Italiana 2026&#8243;, si programmano per tempo, non ci si improvvisa, non si partecipa perch\u00e9 a qualcuno, in quel di Verona \u00e8 venuta in mente questa idea. Alla notizia della candidatura la citt\u00e0 ha sorriso. Era bene aver coscienza e amor proprio, per comprendere che Latina non aveva i fondamentali per una simile competizione, infatti il confronto \u00e8 stato impietoso. Ho ascoltato e visto tutte le audizioni delle citt\u00e0 finaliste \u201cCapitale Italiana della Cultura 2026\u201d &#8211; dice Guercio &#8211;\u00a0 \u00c8 stato bello scoprire quanti musei, quanti festival, quanti eventi, quante culture d\u2019impresa, quante fondazioni, quanti modelli culturali in pi\u00f9 nasceranno in Italia in occasione del 2026. Una creativa bellezza dell\u2019agire umano in favore della cultura italiana. Latina? Confermo quanto scritto dopo l\u2019audizione: mi vergogno, come cittadino di Latina, per come la mia citt\u00e0 \u00e8 stata rappresentata. Mentre tutte le altre citt\u00e0 finaliste hanno narrato dei loro \u201dgenius loci\u201d, miti e personaggi, Latina ha dimenticato i propri: Enea, Ulisse, la maga Circe, Satricum, Sibilla Aleramo, Giovanni Cena, Anna Fr\u00e4nzel, l\u2019Amazzonia italiana (la grande selva prima delle bonifiche), l\u2019epopea della bonifica integrale, la nascita delle Citt\u00e0 Nuove, Latina Citt\u00e0 del &#8216;900, il centenario 2032&#8221;. Poi l&#8217;analisi punto su punto.<\/div>\n<div dir=\"auto\">\n<div dir=\"auto\" style=\"text-align: justify;\"><\/div>\n<div dir=\"auto\" style=\"text-align: justify;\">\n<div class=\"xdj266r x11i5rnm xat24cr x1mh8g0r x1vvkbs x126k92a\">\n<div dir=\"auto\" style=\"text-align: justify;\">Punta nel vivo, come protagonista dell&#8217;audizione al Ministero, risponde con lo stesso schema l<strong>&#8216;assessora all&#8217;urbanistica del Comune di Latina Annalisa Muzio<\/strong>: &#8220;Secondo me chi scrive \u201ccontro\u201d il progetto <a class=\"x1i10hfl xjbqb8w x1ejq31n xd10rxx x1sy0etr x17r0tee x972fbf xcfux6l x1qhh985 xm0m39n x9f619 x1ypdohk xt0psk2 xe8uvvx xdj266r x11i5rnm xat24cr x1mh8g0r xexx8yu x4uap5 x18d9i69 xkhd6sd x16tdsg8 x1hl2dhg xggy1nq x1a2a7pz xt0b8zv x1fey0fg xo1l8bm\" tabindex=\"0\" role=\"link\" href=\"https:\/\/www.facebook.com\/profile.php?id=100095204289055&amp;__cft__[0]=AZV35CzYaYZd-eR5PtZHWW8k1QqByy2gubbiVaNlQSK76QoGBZYo9vpKxsZiSx-0b6FWTuPbwAkRJbuxPcbLS0tf2Kmx65LW5J_i3AZNkyMuA8DZLOjkPDDjQOZHSPrIDEg&amp;__tn__=-]K-R\"><span class=\"xt0psk2\">Latina candidata a Capitale Italiana della Cultura 2026<\/span><\/a> non ha letto neanche una pagina del dossier presentato. Sono parole prive di conoscenza del lavoro svolto e piuttosto cariche di rabbia e risentimenti personali. Sarebbe bastato leggere per evitare, questa si, una brutta figura&#8221;.<\/div>\n<\/div>\n<\/div>\n<\/div>\n<div dir=\"auto\" style=\"text-align: justify;\">\n<p style=\"text-align: justify;\">La difesa <strong>\u00a0di Latina arriva anche dal\u00a0 senatore Nicola Calandrini<\/strong> tra i promotori della candidatura, che sposta in avanti il giudizio: &#8220;Latina \u00e9 una citt\u00e0 giovane, ricca di vitalit\u00e0 e dinamismo. La circostanza che sia, a pieno titolo, tra le prime dieci candidate a Capitale della Cultura 2026 \u00e9 essa stessa un grande risultato. Latina, infatti, sconta anni di immobilismo e di marginalit\u00e0 sullo scenario regionale e nazionale, nonostante sia la prima citt\u00e0 del Lazio dopo Roma Capitale. Desidero, quindi, rivolgere un sincero apprezzamento all&#8217;Amministrazione Comunale di Latina, in modo particolare al Sindaco Matilde Celentano, per aver promosso l&#8217;immagine di una citt\u00e0 che intende riprendere il ruolo guida che le compete sul piano provinciale e regionale&#8221;, scrive in una nota il coordinatore provinciale di Fratelli D&#8217;Italia che preferisce non dare un giudizio sui contenuti del dossier. La candidatura di Latina &#8211; aggiunge &#8211;\u00a0 va intesa come un primo grande tassello di un mosaico pi\u00f9 ampio che si chiama Centenario 2032. Quella \u00e9 la vera data su cui concentrare il massimo impegno di tutte le istituzioni: dal Governo nazionale e regionale al Comune. Saremo, nel 2032, la citt\u00e0 pi\u00f9 giovane d&#8217;Europa. Dall&#8217;oblio della palude abbiamo reso questa terra ospitale. Ci aspettano sfide importanti: creare un nuovo modello di sviluppo che faccia della filiera agroalimentare, dell&#8217;enogastronomia e del turismo il nostro punto di forza economico e culturale. Potenzieremo sempre di pi\u00f9 il rapporto con l&#8217;Universit\u00e0 La Sapienza nel solco di una Latina citt\u00e0 degli studi, con tutto ci\u00f2 che questo comporta in termini di servizi. Il mare, risorsa fondamentale per fare della nostra costa un gioiello attrattivo per i turisti italiani e non solo.\u00a0Il fatto che Latina sia arrivata fra le prime dieci citt\u00e0 finaliste, insomma, \u00e9 un primo risultato. Indubbiamente rilevante, visto che mai era accaduto prima, neanche quando qualche professionista della critica e della polemica aveva- a vario titolo- responsabilit\u00e0 nel tessuto sociale e politico di questa nostra citt\u00e0. Chiunque voglia bene a Latina e tenga alla sorte della nostra comunit\u00e0 oggi deve essere fiero e orgoglioso di questo risultato. Avendo la consapevolezza che non \u00e8 sufficiente, che molta strada c&#8217;\u00e8 ancora da fare. La percorreremo insieme ai tanti cittadini di questa citt\u00e0 che sognano una dimensione contemporanea di Latina, soprattutto in vista del Centenario 2032&#8243;.<\/p>\n<p><strong>Alessio Pagliari ex consigliere comunale di Latina plaude a Latina e Gaeta<\/strong>: \u201cDovremmo essere tutti contenti di questo risultato (essere citt\u00e0 finalista) \u2013 esordisce il delegato provinciale della FIAF (Federazione Italiana Associazioni fotografiche) &#8211; segno che il territorio della provincia di Latina pu\u00f2 offrire tanto a livello culturale. Vorrei ricordare a tutti che Latina e Gaeta, non sono certo l\u00ec per caso, hanno superato una prima fase di selezione, non certamente facile. Erano infatti ventisei le citt\u00e0 candidate, poi diventate sedici, quindi dieci finaliste. Leggo molte polemiche in questi giorni, quasi esclusivamente nei riguardi di Latina, e questo mi rattrista molto. Innanzitutto, vorrei ricordare che il Ministero della Cultura non si \u00e8 ancora espresso, lo far\u00e0 solo fra qualche settimana; pertanto, la partita \u00e8 ancora aperta per tutte e dieci le finaliste. Certamente Gaeta \u00e8 partita prima e probabilmente, grazie anche alla sua storia, non certo solo contemporanea come quella di Latina, \u00e8 arrivata molto preparata e ricca di contenuti presentanti durante l\u2019audizione. Ovviamente il merito va anche all\u2019amministrazione comunale di Gaeta e a tutto il comitato promotore della candidatura, a cui esprimo vivo apprezzamento. Permettetemi per\u00f2, da cittadino di Latina, di esprimere altrettanto apprezzamento anche per il risultato di Latina. Se Latina, pur non avendo la stessa storia e la posizione geografica di Gaeta, \u00e8 comunque giunta finalista, con una candidatura preparata \u201call\u2019ultimo minuto\u201d, credo meriti solo un grande applauso, che dovrebbe essere unanime, perch\u00e9, se Latina raggiunge dei \u201cpalcoscenici\u201d importanti, ottiene dei risultati e visibilit\u00e0 nazionale non ne beneficiano solo alcune persone o colori politici, ma tutti i cittadini. Dovremmo, allora, tutti essere contanti, come quando gioca la \u201cNazionale. Il turismo culturale, infatti, come riportato anche dai recenti studi di Unioncamere, \u00e8 un pilastro fondamentale dell&#8217;economia, che genera ricchezza e nuovi posti di lavoro. Pertanto, esprimo i miei complimenti per il risultato al Sindaco di Latina Matilde Celentano, all\u2019Assessore Annalisa Muzio, a tutta la Giunta e ai consiglieri che hanno creduto in questo progetto, insieme ai tecnici comunali, alle tantissime associazioni ed altri comuni che hanno dato la loro disponibilit\u00e0 a collaborare nel dossier, curato e redatto con tanta passione dall\u2019Arch. Daniela Cavallo. Si poteva e si pu\u00f2 far meglio? Sicuramente si, l\u2019eccellenza \u00e8 un obiettivo che tutti cercano, ma nella pratica non sempre si riesce a raggiungere. Latina, \u00e8 chiaro, non poteva in pochi mesi diventare un\u2019eccellenza, risolvere i tanti problemi e criticit\u00e0, anche nell\u2019offerta ricettiva, che si porta dietro da tantissimi anni. Per\u00f2 da qualche cosa si deve pur partire. E quale migliore occasione, se non quella di una candidatura come capitale della cultura? Al di l\u00e0 del risultato finale, questo progetto di candidatura apre la strada, forse per la prima volta dopo tanto tempo, a un possibile percorso condiviso fra politica, industria e commercio, terzo settore e cittadini, per guardare ad altri obiettivi da raggiungere insieme verso il centenario del 2032. Dobbiamo essere consapevoli, se saremo in grado di fare \u201csquadra\u201d, se sapremo fare bene \u201cBonum Facere\u201d, di avere il privilegio di vivere in un territorio con caratteristiche uniche, con un\u2019offerta variegata dalla montagna, alla collina, alla pianura, per finire ai laghi e al mare. Latina e la sua provincia \u00e8 apprezzata anche dai produttori cinematografici, grazie anche al grande lavoro che svolge la \u201cLatina Film Commission\u201d. Sarebbe troppo lungo elencare adesso i film e le serie che si sono girate e che si gireranno nel prossimo futuro&#8221;.<\/p>\n<\/div>\n<div dir=\"auto\"><strong>LE CRITICHE DI GUERCIO &#8211; Tornando all&#8217;analitica critica di Maurizio Guercio \u00e8 stata cos\u00ec presentata confrontando quanto emerso nelle audizioni finali dai dossier di tutte le 10 finaliste:\u00a0\u00a0<\/strong><\/div>\n<div dir=\"auto\">PROCESSI PARTECIPATIVI<\/div>\n<div dir=\"auto\">Ho ascoltato di ecosistemi culturali larghi e condivisi, attraverso l&#8217;unione di pi\u00f9 Comuni: Valdichiana senese (10 Comuni), Maratea (16 Comuni), Agnone (136 Comuni), Alba (88 Comuni), Lucera (30 Comuni). Latina? Isolata<\/div>\n<div dir=\"auto\">SOSTENIBILIT\u00c0 ECONOMICA<\/div>\n<div dir=\"auto\" style=\"text-align: justify;\">Rimini (6 milioni), Treviso (14 mln), Maratea (6 mln), L\u2019Aquila (25 mln), Gaeta (7,5 mln), Alba (10 mln), Agnone (5 mln), Valdichiana (3 mln), Lucera (3 mln).<\/div>\n<div dir=\"auto\" style=\"text-align: justify;\">Latina? 500 mila euro\u2026<\/div>\n<div dir=\"auto\" style=\"text-align: justify;\">PARTNER FINANZIARI<\/div>\n<div dir=\"auto\" style=\"text-align: justify;\">Tutte le citt\u00e0 finaliste, tranne Latina, hanno come modelli di governance le Fondazioni nei propri dossier, alcune, nelle loro co-progettazioni, si avvalgono di partner privati di valore nazionale ed internazionale: Alba (Fondazione Ferrero), Treviso (Generali), Maratea (Fondazione Eni e Gruppo Shell). Latina?<\/div>\n<div dir=\"auto\" style=\"text-align: justify;\">ACCOGLIENZA TURISTICA<\/div>\n<div dir=\"auto\" style=\"text-align: justify;\">Valdichiana 26.000 posti letto, Rimini 143 mila, L\u2019Aquila 2 mila, Treviso 75 hotel in citt\u00e0.<\/div>\n<div dir=\"auto\" style=\"text-align: justify;\">A Latina? Abbiamo scoperto che ci sono 8 alberghi a 4 stelle e 10 B&amp;B\u2026 Dove?<\/div>\n<div dir=\"auto\" style=\"text-align: justify;\">I TESTIMONIAL<\/div>\n<div dir=\"auto\" style=\"text-align: justify;\">Rocco Papaleo e Angelina Mango per Maratea, Chiara Gamberale per Agnone, Red Canzian (Pooh), Adriano Panatta e il mago Forest per Treviso, Renzo Arbore per Lucera. Per Latina? La signora Giuseppina, professoressa di Antonio Pennacchi\u2026<\/div>\n<div dir=\"auto\" style=\"text-align: justify;\">FILM D\u2019AUTORE<\/div>\n<div dir=\"auto\" style=\"text-align: justify;\">Molti in Italia non conoscono bene Latina, forse la immaginano\u2026 che immagine abbiamo dato? Ognuna delle citt\u00e0 candidate ha presentato video-clip, mini film e video-art delle proprie eccellenze: naturalistiche, artistiche e architettoniche, tutte secondo la propria visione di progetto. Latina ha videato una miscellanee di immagini datate del territorio, senza una regia, senza \u201cfocus\u201d dedicati alle piazze storiche di Latina, a quel magico triangolo di storia, natura e bellezza rappresentato dal borgo di Fogliano, dall\u2019antica citt\u00e0 di Ninfa e dalle vestigia di Satricum; la rete di canali, il litorale con le sue dune, i laghi costieri, il mare e all\u2019orizzonte le isole Pontine. Protagonista assoluta (un fermo immagine di 46 secondi tra presentazione e video) \u00e8 stata la \u201cTorre Pontina\u201d, elevata a rango di simbolo della citt\u00e0.<\/div>\n<div dir=\"auto\" style=\"text-align: justify;\">IMMAGINE ICONICA<\/div>\n<div dir=\"auto\" style=\"text-align: justify;\">La foto scelta, per rappresentare ufficialmente la candidatura di Latina, \u00e8 stata emblematica: la foto di piazza del Popolo al calar del sole, buia, al tramonto\u2026 un tramonto di idee.<\/div>\n<div dir=\"auto\" style=\"text-align: justify;\">LATINA MADE IN VERONA<\/div>\n<div dir=\"auto\" style=\"text-align: justify;\">Non si sono coltivate competenze, disconosciuti saperi e professionalit\u00e0 della citt\u00e0 e del territorio. Appaltati a studi esterni (Verona e Bergamo) la progettazione del dossier \u201cLatina Capitale della Cultura\u201d.<\/div>\n<div dir=\"auto\" style=\"text-align: justify;\">PERLE DI SAGGEZZA E PALESI CONTRADDIZIONI.<\/div>\n<div dir=\"auto\" style=\"text-align: justify;\">Ascoltando l\u2019audizione di presentazione: \u201cda Latina i giovani vanno via\u201d&#8230;(Daniela Cavallo, responsabile del dossier), \u201ca Latina i giovani stanno benissimo\u2026 noi a Latina abbiamo tutto\u201d (Annalisa Muzio assessora all\u2019Urbanistica Comune di Latina); \u201cLatina citt\u00e0 spaesante\u2026 \u00e8 un&#8217;enigma\u2026 resta invisibile\u201d (Cavallo), \u201cLatina \u00e8 unica al mondo\u201d&#8230; (Muzio); \u201cuna citt\u00e0 che parte da zero\u201d\u2026 \u201cil nostro progetto turistico \u00e8 la ruralit\u00e0, non solo mare\u201d (Cavallo); \u201cdopo la torre municipale e la \u201cTorre Pontina\u201d realizzeremo una torre digitale, sar\u00e0 il nostro \u201ctotem identitario\u201d\u2026 Latina sar\u00e0 il centro del mondo\u201d&#8230; (Cavallo). \u201cIn mancanza di sufficienti strutture ricettive a Latina, sopperiranno i Comuni di Sezze, Pontina e Sabaudia\u2026\u201d (Matilde Celentano Sindaco di Latina).<\/div>\n<div dir=\"auto\">\n<div class=\"xdj266r x11i5rnm xat24cr x1mh8g0r x1vvkbs x126k92a\">\n<div dir=\"auto\"><\/div>\n<div dir=\"auto\"><strong>LA RISPOSTA DI MUZIO<\/strong> &#8211; A beneficio di tutti noi cittadini \u00e8 doveroso fare una rettifica rispetto a quanto dichiarato, con la stessa sequenza &#8211; scrive l&#8217;assessora all&#8217;Urbanistica.<\/div>\n<\/div>\n<div class=\"x11i5rnm xat24cr x1mh8g0r x1vvkbs xtlvy1s x126k92a\">\n<div dir=\"auto\">PROCESSI PARTECIPATIVI: 16 Comuni della Provincia di Latina hanno aderito al progetto (16!!!)<\/div>\n<div dir=\"auto\">SOSTENIBILTA\u2019 ECONOMICA: 22 milioni di investimenti previsti in opere pubbliche e servizi connessi<\/div>\n<div dir=\"auto\">PARTNER FINANZIARI: Ne citiamo uno su tutti, Unindustria con 2800 aziende (2800!!)<\/div>\n<div dir=\"auto\">ACCOGLIENZA TURISTICA: 15000 posti letto nella provincia di Latina (o veramente pensiamo che nei centri delle citt\u00e0 paragonabili a Latina ci siano 10\/15 mila posti letto?!). Quindi si devono leggere i dati nello stesso modo in cui le altre citt\u00e0 partecipanti si sono descritte.<\/div>\n<div dir=\"auto\">TESTIMONIAL:<\/div>\n<div dir=\"auto\">La Sig.ra Giuseppina.<\/div>\n<div dir=\"auto\">S\u00ec, La Sig.ra Giuseppina, perch\u00e9 no? Non c\u2019\u00e8 proprio nulla di cui vergognarsi!<\/div>\n<div dir=\"auto\">E comunque non pu\u00f2 essere un torto se i testimonial interpellati, di Latina, hanno declinato l\u2019invito.<\/div>\n<div dir=\"auto\">FILM D\u2019AUTORE:<\/div>\n<div dir=\"auto\">Non mi pare di aver visto film d\u2019autore nelle audizioni. Hanno presentato video cos\u00ec come ha fatto Latina. Il video pu\u00f2 anche non piacere, ma \u00e8 comunque coerente con il contenuto del dossier, descrittivo, semplice, sincero, di una citt\u00e0, cos\u00ec come \u00e8 Latina, senza trucchi.<\/div>\n<div dir=\"auto\">IMMAGINE ICONICA:<\/div>\n<div dir=\"auto\">Personalmente trovo che il logo elaborato per la candidatura sia molto rappresentativo. Chiunque lo osservi ne riconosce Latina.<\/div>\n<div dir=\"auto\">Pi\u00f9 efficace di cos\u00ec? (per\u00f2 qui siamo proprio all\u2019ABC della comunicazione visiva..)<\/div>\n<div dir=\"auto\">In aggiunta<\/div>\n<div dir=\"auto\">PARTNER CULTURALI:<\/div>\n<div dir=\"auto\">&#8211; Universit\u00e0 La Sapienza<\/div>\n<div dir=\"auto\">&#8211; Parco Archeologico Appia Antica<\/div>\n<div dir=\"auto\">&#8211; \u2060Fondazione Caetani<\/div>\n<div dir=\"auto\">&#8211; \u2060Parco Nazionale del Circeo<\/div>\n<div dir=\"auto\">&#8211; \u2060Consorzio di Bonifica dell\u2019Agro Pontino<\/div>\n<div dir=\"auto\">&#8211; \u2060Diocesi di Latina<\/div>\n<div dir=\"auto\">&#8211; \u2060Istituto Nazionale di Sociologia<\/div>\n<div dir=\"auto\">&#8211; \u2060Sintur<\/div>\n<div dir=\"auto\">&#8211; \u2060ecc ecc ecc<\/div>\n<div dir=\"auto\">MORALE DELLA FAVOLA:<\/div>\n<div dir=\"auto\">Si poteva fare meglio? Certamente si, (ma non con i personaggi che scrivono certe nefandezze ) come in tutte le cose, e\u2019 talmente ovvio! che non servirebbe dirlo.<\/div>\n<div dir=\"auto\">Si \u00e8 perso qualcosa?<\/div>\n<\/div>\n<div class=\"x11i5rnm xat24cr x1mh8g0r x1vvkbs xtlvy1s x126k92a\">\n<div dir=\"auto\">Assolutamente no.<\/div>\n<\/div>\n<div class=\"x11i5rnm xat24cr x1mh8g0r x1vvkbs xtlvy1s x126k92a\">\n<div dir=\"auto\">Ma evidentemente chi non si \u00e8 ancora liberato dalla rabbia e dal livore, non riuscir\u00e0 mai ad accettarlo.<\/div>\n<div dir=\"auto\">Questa citt\u00e0 ha bisogno di pace, di credere in se stessa, del superamento dei pregiudizi, ha bisogno di condividere progetti comuni. Questo della candidatura a Capitale della Cultura ne rappresenta un esempio al quale dovrebbero seguirne altri mille.<\/div>\n<div dir=\"auto\">Noi, che siamo degli inguaribili ottimisti, ce lo auguriamo\u201d<\/div>\n<\/div>\n<div class=\"x11i5rnm xat24cr x1mh8g0r x1vvkbs xtlvy1s x126k92a\">\n<div dir=\"auto\">Aggiungo.<\/div>\n<div dir=\"auto\">se seguissimo le \u201dpericolanti \u201cpovere\u201d e \u201c umilianti\u201d ( quelle si ) tesi di chi scrive dal solito noto tavolino del bar, dovremmo concludere che :<\/div>\n<div dir=\"auto\">1) la Commissione del MIC di capitale italiana della cultura ha fatto un pessimo lavoro promuovendo Latina tra le dieci finaliste.<\/div>\n<div dir=\"auto\">2) Unindustria , <a class=\"x1i10hfl xjbqb8w x1ejq31n xd10rxx x1sy0etr x17r0tee x972fbf xcfux6l x1qhh985 xm0m39n x9f619 x1ypdohk xt0psk2 xe8uvvx xdj266r x11i5rnm xat24cr x1mh8g0r xexx8yu x4uap5 x18d9i69 xkhd6sd x16tdsg8 x1hl2dhg xggy1nq x1a2a7pz xt0b8zv x1fey0fg xo1l8bm\" tabindex=\"0\" role=\"link\" href=\"https:\/\/www.facebook.com\/cciaafrlt?__cft__[0]=AZV35CzYaYZd-eR5PtZHWW8k1QqByy2gubbiVaNlQSK76QoGBZYo9vpKxsZiSx-0b6FWTuPbwAkRJbuxPcbLS0tf2Kmx65LW5J_i3AZNkyMuA8DZLOjkPDDjQOZHSPrIDEg&amp;__tn__=-]K-R\"><span class=\"xt0psk2\">Camera di Commercio Frosinone Latina<\/span><\/a> , La Sapienza Roma Universita <a class=\"x1i10hfl xjbqb8w x1ejq31n xd10rxx x1sy0etr x17r0tee x972fbf xcfux6l x1qhh985 xm0m39n x9f619 x1ypdohk xt0psk2 xe8uvvx xdj266r x11i5rnm xat24cr x1mh8g0r xexx8yu x4uap5 x18d9i69 xkhd6sd x16tdsg8 x1hl2dhg xggy1nq x1a2a7pz xt0b8zv x1fey0fg xo1l8bm\" tabindex=\"0\" role=\"link\" href=\"https:\/\/www.facebook.com\/Universit%C3%A0-La-Sapienza-Facolt%C3%A0-di-Ingegneria-157352894288950\/?__cft__[0]=AZV35CzYaYZd-eR5PtZHWW8k1QqByy2gubbiVaNlQSK76QoGBZYo9vpKxsZiSx-0b6FWTuPbwAkRJbuxPcbLS0tf2Kmx65LW5J_i3AZNkyMuA8DZLOjkPDDjQOZHSPrIDEg&amp;__tn__=kK-R\"><span class=\"xt0psk2\">Universit\u00e0 La Sapienza Facolt\u00e0 di Ingegneria<\/span><\/a>, <a class=\"x1i10hfl xjbqb8w x1ejq31n xd10rxx x1sy0etr x17r0tee x972fbf xcfux6l x1qhh985 xm0m39n x9f619 x1ypdohk xt0psk2 xe8uvvx xdj266r x11i5rnm xat24cr x1mh8g0r xexx8yu x4uap5 x18d9i69 xkhd6sd x16tdsg8 x1hl2dhg xggy1nq x1a2a7pz xt0b8zv x1fey0fg xo1l8bm\" tabindex=\"0\" role=\"link\" href=\"https:\/\/www.facebook.com\/inarchlazio?__cft__[0]=AZV35CzYaYZd-eR5PtZHWW8k1QqByy2gubbiVaNlQSK76QoGBZYo9vpKxsZiSx-0b6FWTuPbwAkRJbuxPcbLS0tf2Kmx65LW5J_i3AZNkyMuA8DZLOjkPDDjQOZHSPrIDEg&amp;__tn__=-]K-R\"><span class=\"xt0psk2\">Inarch Lazio<\/span><\/a>, @inarch Veneto, <a class=\"x1i10hfl xjbqb8w x1ejq31n xd10rxx x1sy0etr x17r0tee x972fbf xcfux6l x1qhh985 xm0m39n x9f619 x1ypdohk xt0psk2 xe8uvvx xdj266r x11i5rnm xat24cr x1mh8g0r xexx8yu x4uap5 x18d9i69 xkhd6sd x16tdsg8 x1hl2dhg xggy1nq x1a2a7pz xt0b8zv x1fey0fg xo1l8bm\" tabindex=\"0\" role=\"link\" href=\"https:\/\/www.facebook.com\/profile.php?id=100063501849460&amp;__cft__[0]=AZV35CzYaYZd-eR5PtZHWW8k1QqByy2gubbiVaNlQSK76QoGBZYo9vpKxsZiSx-0b6FWTuPbwAkRJbuxPcbLS0tf2Kmx65LW5J_i3AZNkyMuA8DZLOjkPDDjQOZHSPrIDEg&amp;__tn__=-]K-R\"><span class=\"xt0psk2\">ORDINE ARCHITETTI PPC LATINA<\/span><\/a>, Ordine Architetti Verona, @Sapienza, Diocesi Latina, Unindustria Latina, Comuni dell\u2019area agro pontino, Fondazione Caetani, Consorzio Bonifica Agro Pontino, Ente Parco Nazionale del Circeo, Associazione, Professionisti Ambiente e Mobilit\u00e0 sostenibile SIMTUR, Istituto Nazionale di sociologia rurale ISTAO, Ordine APCC Latina, Ordine APCC Verona, In\/Arch Triveneto, In\/Arch Lazio, Latina film Commission, Comune di Sabaudia, Comune di Sermoneta, Comune di Pontinia, Comune di Priverno, Comune di Sezze, Comune di Cisterna di Latina, Comune di Roccamassima, Comune di Ventotene, Comune di Bassiano, Comune di Aprilia, Comune di Maenza, Comune di Norma, Comune di Cori, Comune di Lenola, Comune di Terracina, Comune di Fondi e MOLTI ALTRI partners che hanno che hanno sostenuto <a class=\"x1i10hfl xjbqb8w x1ejq31n xd10rxx x1sy0etr x17r0tee x972fbf xcfux6l x1qhh985 xm0m39n x9f619 x1ypdohk xt0psk2 xe8uvvx xdj266r x11i5rnm xat24cr x1mh8g0r xexx8yu x4uap5 x18d9i69 xkhd6sd x16tdsg8 x1hl2dhg xggy1nq x1a2a7pz xt0b8zv x1fey0fg xo1l8bm\" tabindex=\"0\" role=\"link\" href=\"https:\/\/www.facebook.com\/comunedilatina?__cft__[0]=AZV35CzYaYZd-eR5PtZHWW8k1QqByy2gubbiVaNlQSK76QoGBZYo9vpKxsZiSx-0b6FWTuPbwAkRJbuxPcbLS0tf2Kmx65LW5J_i3AZNkyMuA8DZLOjkPDDjQOZHSPrIDEg&amp;__tn__=-]K-R\"><span class=\"xt0psk2\">Comune di Latina<\/span><\/a> e il dossier <a class=\"x1i10hfl xjbqb8w x1ejq31n xd10rxx x1sy0etr x17r0tee x972fbf xcfux6l x1qhh985 xm0m39n x9f619 x1ypdohk xt0psk2 xe8uvvx xdj266r x11i5rnm xat24cr x1mh8g0r xexx8yu x4uap5 x18d9i69 xkhd6sd x16tdsg8 x1hl2dhg xggy1nq x1a2a7pz xt0b8zv x1fey0fg xo1l8bm\" tabindex=\"0\" role=\"link\" href=\"https:\/\/www.facebook.com\/hashtag\/bonumfacere?__eep__=6&amp;__cft__[0]=AZV35CzYaYZd-eR5PtZHWW8k1QqByy2gubbiVaNlQSK76QoGBZYo9vpKxsZiSx-0b6FWTuPbwAkRJbuxPcbLS0tf2Kmx65LW5J_i3AZNkyMuA8DZLOjkPDDjQOZHSPrIDEg&amp;__tn__=*NK-R\">#bonumfacere<\/a> non avevano proprio di meglio da fare \u2026<\/div>\n<\/div>\n<div class=\"x11i5rnm xat24cr x1mh8g0r x1vvkbs xtlvy1s x126k92a\">\n<div dir=\"auto\">Ah giusto meglio dare retta ai \u201c4 amici al bar \u201c \u2026<span class=\"x3nfvp2 x1j61x8r x1fcty0u xdj266r xhhsvwb xat24cr xgzva0m xxymvpz xlup9mm x1kky2od\"><img loading=\"lazy\" decoding=\"async\" class=\"xz74otr\" src=\"https:\/\/static.xx.fbcdn.net\/images\/emoji.php\/v9\/td0\/1\/16\/1f602.png\" alt=\"&#x1f602;\" width=\"16\" height=\"16\" \/><\/span><\/div>\n<\/div>\n<div class=\"x11i5rnm xat24cr x1mh8g0r x1vvkbs xtlvy1s x126k92a\">\n<div dir=\"auto\">Ma sopratutto, se dovessimo dare retta ai mistificatori seriali che non amano in alcun modo la nostra citt\u00e0 , che nulla hanno mai prodotto o produrranno, che nessuno ricorda o ricorder\u00e0 , che hanno , al contrario , una precisa e conclamata responsabilit\u00e0 per aver impedito ad una intera comunit\u00e0 di progredire e crescere, quando ne hanno avuto la possibilit\u00e0, beh \u2026amici miei se dovessimo seguire il loro illuminato ed illuminante cammino \u2026non avremmo prospettive e soprattutto non faremmo che certificare, come da loro fallimentare tradizione, che Latina non ha futuro.<\/div>\n<\/div>\n<div class=\"x11i5rnm xat24cr x1mh8g0r x1vvkbs xtlvy1s x126k92a\">\n<div dir=\"auto\">e invece non \u00e8 cos\u00ec .<\/div>\n<\/div>\n<div class=\"x11i5rnm xat24cr x1mh8g0r x1vvkbs xtlvy1s x126k92a\">\n<div dir=\"auto\">invece Latina vola <span class=\"x3nfvp2 x1j61x8r x1fcty0u xdj266r xhhsvwb xat24cr xgzva0m xxymvpz xlup9mm x1kky2od\"><img loading=\"lazy\" decoding=\"async\" class=\"xz74otr\" src=\"https:\/\/static.xx.fbcdn.net\/images\/emoji.php\/v9\/t6c\/1\/16\/2764.png\" alt=\"&#x2764;&#xfe0f;\" width=\"16\" height=\"16\" \/><\/span><\/div>\n<div dir=\"auto\">Se ne facciano una ragione.<\/div>\n<\/div>\n<\/div>\n<div dir=\"auto\"><\/div>\n","protected":false},"excerpt":{"rendered":"<p>LATINA &#8211;\u00a0 Continua a far discutere il dossier presentato da Latina alla finale di Capitale della Cultura che il comune ha deciso di rendere noto nei giorni scorsi. Dopo i malumori all&#8217;indomani dell&#8217;audizione davanti alla commissione giudicatrice al Ministero della Cultura, la critica pi\u00f9 pesante arriva da Maurizio Guercio, architetto, ex assessore all&#8217;Ambiente con Zaccheo, [&hellip;]<\/p>\n","protected":false},"author":60,"featured_media":347923,"comment_status":"open","ping_status":"open","sticky":false,"template":"","format":"standard","meta":{"footnotes":""},"categories":[735,2428],"tags":[],"class_list":["post-347971","post","type-post","status-publish","format-standard","has-post-thumbnail","hentry","category-attualita","category-primo-piano"],"_links":{"self":[{"href":"https:\/\/www.radioluna.it\/news\/wp-json\/wp\/v2\/posts\/347971","targetHints":{"allow":["GET"]}}],"collection":[{"href":"https:\/\/www.radioluna.it\/news\/wp-json\/wp\/v2\/posts"}],"about":[{"href":"https:\/\/www.radioluna.it\/news\/wp-json\/wp\/v2\/types\/post"}],"author":[{"embeddable":true,"href":"https:\/\/www.radioluna.it\/news\/wp-json\/wp\/v2\/users\/60"}],"replies":[{"embeddable":true,"href":"https:\/\/www.radioluna.it\/news\/wp-json\/wp\/v2\/comments?post=347971"}],"version-history":[{"count":9,"href":"https:\/\/www.radioluna.it\/news\/wp-json\/wp\/v2\/posts\/347971\/revisions"}],"predecessor-version":[{"id":348007,"href":"https:\/\/www.radioluna.it\/news\/wp-json\/wp\/v2\/posts\/347971\/revisions\/348007"}],"wp:featuredmedia":[{"embeddable":true,"href":"https:\/\/www.radioluna.it\/news\/wp-json\/wp\/v2\/media\/347923"}],"wp:attachment":[{"href":"https:\/\/www.radioluna.it\/news\/wp-json\/wp\/v2\/media?parent=347971"}],"wp:term":[{"taxonomy":"category","embeddable":true,"href":"https:\/\/www.radioluna.it\/news\/wp-json\/wp\/v2\/categories?post=347971"},{"taxonomy":"post_tag","embeddable":true,"href":"https:\/\/www.radioluna.it\/news\/wp-json\/wp\/v2\/tags?post=347971"}],"curies":[{"name":"wp","href":"https:\/\/api.w.org\/{rel}","templated":true}]}}