{"id":348231,"date":"2024-03-13T17:22:02","date_gmt":"2024-03-13T16:22:02","guid":{"rendered":"https:\/\/www.radioluna.it\/news\/?p=348231"},"modified":"2024-03-13T17:22:02","modified_gmt":"2024-03-13T16:22:02","slug":"latina-nei-miei-racconti-emilio-andreoli-presenta-il-secondo-volume-del-suo-libro","status":"publish","type":"post","link":"https:\/\/www.radioluna.it\/news\/2024\/03\/latina-nei-miei-racconti-emilio-andreoli-presenta-il-secondo-volume-del-suo-libro\/","title":{"rendered":"Latina nei miei racconti, Emilio Andreoli presenta il secondo volume del suo libro"},"content":{"rendered":"<div id=\"fb-root\"><\/div>\n<div class=\"html-div xe8uvvx xdj266r x11i5rnm xat24cr x1mh8g0r xexx8yu x4uap5 x18d9i69 xkhd6sd x6ikm8r x10wlt62\">\n<div class=\"html-div xe8uvvx xdj266r x11i5rnm xat24cr x1mh8g0r x1tlxs6b x1g8br2z x1gn5b1j x230xth x14ctfv x1okitfd x1k4qllp x6ikm8r x10wlt62 x1y1aw1k xwib8y2 x1ye3gou xn6708d x1n2onr6 x1vjfegm x1mzt3pk x13faqbe x1xr0vuk x1jm4cbz x1lmq8lz xrrpcnn x1xtl47e x13fuv20 xu3j5b3 x1q0q8m5 x26u7qi x1tdhcrn x17i5p6 xeqhmsb x1bab9rp\" role=\"presentation\">\n<div class=\"x9f619 x1n2onr6 x1ja2u2z __fb-light-mode\" role=\"none\">\n<div class=\"x1gslohp x11i5rnm x12nagc x1mh8g0r x1yc453h x126k92a x18lvrbx\" dir=\"auto\" style=\"text-align: justify;\"><strong>LATINA<\/strong> &#8211; Sar\u00e0 presentato domenica prossima, 17 marzo, alle ore 18, presso il Mug Giannini in via Oberdan a Latina, il nuovo libro di Emilio Andreoli \u201cLatina nei miei racconti volume II\u201d. Si tratta di un viaggio a ritroso nel tempo, legato alla passione per le storie e le vicende umane di Latina. &#8220;La speranza \u00e8 di donare memoria alla nostra comunit\u00e0, di cui l\u2019autore sente un forte senso di appartenenza. Una comunit\u00e0 cresciuta grazie alle persone, che hanno contribuito a far crescere il tessuto sociale ed economico della citt\u00e0: medici, imprenditori, commercianti e politici, tutti arrivati da altri luoghi. Molti fuggiti dalla povert\u00e0 assoluta. Qui, nella allora Littoria e poi Latina, riuscirono a trovare le opportunit\u00e0 per un futuro migliore. In quell\u2019epoca l\u2019Agro Pontino era l\u2019unico luogo, in Italia, dove riporre la speranza di una vita nuova. Entrare nelle storie dei personaggi \u00e8 stato come vivere nella loro epoca e conoscerli realmente&#8221;, afferma Emilio Andreoli.<\/div>\n<div class=\"x1gslohp x11i5rnm x12nagc x1mh8g0r x1yc453h x126k92a x18lvrbx\" dir=\"auto\" style=\"text-align: justify;\">Intervistando i famigliari ha interiorizzato le loro emozioni e ha cercato di trasferirle nei suoi scritti. L\u2019intento dell\u2019autore \u00e8 quello di continuare, nel prossimo futuro, con la pubblicazione di altri libri. Una sorta di enciclopedia della citt\u00e0, dove poter rileggere, di tanto in tanto, le storie di Latina. Presenter\u00e0 l\u2019evento la documentarista Emanuela Gasbarroni.<\/div>\n<\/div>\n<\/div>\n<\/div>\n<div class=\"html-div xe8uvvx xdj266r x11i5rnm xat24cr x1mh8g0r xexx8yu x4uap5 x18d9i69 xkhd6sd x1h91t0o xkh2ocl x78zum5 xdt5ytf x13a6bvl x193iq5w x1iyjqo2 x1eb86dx\" role=\"presentation\"><\/div>\n","protected":false},"excerpt":{"rendered":"<p>LATINA &#8211; Sar\u00e0 presentato domenica prossima, 17 marzo, alle ore 18, presso il Mug Giannini in via Oberdan a Latina, il nuovo libro di Emilio Andreoli \u201cLatina nei miei racconti volume II\u201d. Si tratta di un viaggio a ritroso nel tempo, legato alla passione per le storie e le vicende umane di Latina. &#8220;La speranza [&hellip;]<\/p>\n","protected":false},"author":60,"featured_media":0,"comment_status":"open","ping_status":"open","sticky":false,"template":"","format":"standard","meta":{"footnotes":""},"categories":[2424],"tags":[],"class_list":["post-348231","post","type-post","status-publish","format-standard","hentry","category-i-nostri-libri"],"_links":{"self":[{"href":"https:\/\/www.radioluna.it\/news\/wp-json\/wp\/v2\/posts\/348231","targetHints":{"allow":["GET"]}}],"collection":[{"href":"https:\/\/www.radioluna.it\/news\/wp-json\/wp\/v2\/posts"}],"about":[{"href":"https:\/\/www.radioluna.it\/news\/wp-json\/wp\/v2\/types\/post"}],"author":[{"embeddable":true,"href":"https:\/\/www.radioluna.it\/news\/wp-json\/wp\/v2\/users\/60"}],"replies":[{"embeddable":true,"href":"https:\/\/www.radioluna.it\/news\/wp-json\/wp\/v2\/comments?post=348231"}],"version-history":[{"count":0,"href":"https:\/\/www.radioluna.it\/news\/wp-json\/wp\/v2\/posts\/348231\/revisions"}],"wp:attachment":[{"href":"https:\/\/www.radioluna.it\/news\/wp-json\/wp\/v2\/media?parent=348231"}],"wp:term":[{"taxonomy":"category","embeddable":true,"href":"https:\/\/www.radioluna.it\/news\/wp-json\/wp\/v2\/categories?post=348231"},{"taxonomy":"post_tag","embeddable":true,"href":"https:\/\/www.radioluna.it\/news\/wp-json\/wp\/v2\/tags?post=348231"}],"curies":[{"name":"wp","href":"https:\/\/api.w.org\/{rel}","templated":true}]}}