{"id":348800,"date":"2024-03-21T16:03:31","date_gmt":"2024-03-21T15:03:31","guid":{"rendered":"https:\/\/www.radioluna.it\/news\/?p=348800"},"modified":"2024-03-23T09:00:57","modified_gmt":"2024-03-23T08:00:57","slug":"tanti-studenti-di-latina-alla-marcia-della-memoria-e-dellimpegno-contro-le-mafie","status":"publish","type":"post","link":"https:\/\/www.radioluna.it\/news\/2024\/03\/tanti-studenti-di-latina-alla-marcia-della-memoria-e-dellimpegno-contro-le-mafie\/","title":{"rendered":"Tanti studenti di Latina alla marcia della Memoria e dell&#8217;Impegno contro le mafie"},"content":{"rendered":"<div id=\"fb-root\"><\/div>\n<p style=\"text-align: justify;\"><strong>LATINA<\/strong> &#8211; Una folta rappresentanza di studenti delle scuole superiori di Latina ha preso parte questa mattina alla <strong>29\u00b0 Giornata della Memoria e dell&#8217;Impegno in ricordo delle vittime innocenti di tutte le mafie, la manifestazione indetta da Libera. <\/strong>Accompagnati da dirigenti scolastici e docenti, hanno raggiunto la Capitale in pullman o a bordo dei treni regionali per sfilare con altre decine di migliaia di persone, accanto ai familiari delle vittime. C&#8217;erano anche il mondo universitario, sindaci, esponenti politici e leader di partito, il mondo sindacale e della chiesa.<\/p>\n<p style=\"text-align: justify;\">Dal palco, allestito al Circo Massimo, sono risuonati i nomi delle oltre mille persone innocenti uccise dalle mafie. Per loro, al termine della lettura, \u00e8 stato osservato un minuto di silenzio, quindi l&#8217;intervento conclusivo di Don Ciotti.<\/p>\n<p style=\"text-align: justify;\">&#8220;Due parole ci hanno accompagnato in questi 29 anni: memoria e impegno &#8211; ha esordito il sacerdote e attivista fondatore dell&#8217;associazione Libera &#8211; . Perch\u00e9 non c&#8217;\u00e8 memoria vera se non c&#8217;\u00e8 un impegno nella continuit\u00e0, nella condivisione, nella corresponsabilit\u00e0. Dobbiamo raccogliere e custodire le memorie dei vostri cari, sentirli qui dentro, sentire rinascere quelle memorie finite nell&#8217;oblio e trasformarle in pungolo, responsabilit\u00e0&#8221;.<\/p>\n<p style=\"text-align: justify;\">Proprio Don Ciotti nei giorni scorsi aveva fatto visita agli studenti del Liceo Classico di Latina per una giornata dedicata ai temi della Legalit\u00e0. Un&#8217; appuntamento\u00a0 voluto dai ragazzi e dalla scuola anche per ricordare l&#8217;impegno su questo fronte dell\u2019ex studente e rappresentante d\u2019istituto Francesco Mansutti, a un anno dalla sua scomparsa. In quell&#8217;occasione, la dirigente scolastica Michela Zuccaro aveva preso l&#8217;impegno di partecipare con una delegazione di studenti alla manifestazione di oggi.<\/p>\n<div class=\"radio-posizionamento-telefono-in-articoli-dopo-il-contenuto-articolo radio-entity-placement\" id=\"radio-1814760183\"><div id=\"radio-3873207140\" style=\"width: 300px;height: 250px;\"><a href=\"https:\/\/www.icarspa.it\/auto\/usate\/latina\/\" aria-label=\"banner aprile icar new life &#8211; auto usate latina\"><img loading=\"lazy\" decoding=\"async\" src=\"https:\/\/www.radioluna.it\/news\/wp-content\/uploads\/2026\/02\/banner-aprile-icar-new-life-auto-usate-latina.gif\" alt=\"\"  width=\"300\" height=\"250\"   \/><\/a><\/div><\/div>","protected":false},"excerpt":{"rendered":"<p>LATINA &#8211; Una folta rappresentanza di studenti delle scuole superiori di Latina ha preso parte questa mattina alla 29\u00b0 Giornata della Memoria e dell&#8217;Impegno in ricordo delle vittime innocenti di tutte le mafie, la manifestazione indetta da Libera. Accompagnati da dirigenti scolastici e docenti, hanno raggiunto la Capitale in pullman o a bordo dei treni [&hellip;]<\/p>\n","protected":false},"author":62,"featured_media":348801,"comment_status":"open","ping_status":"open","sticky":false,"template":"","format":"gallery","meta":{"footnotes":""},"categories":[735],"tags":[],"class_list":["post-348800","post","type-post","status-publish","format-gallery","has-post-thumbnail","hentry","category-attualita","post_format-post-format-gallery"],"_links":{"self":[{"href":"https:\/\/www.radioluna.it\/news\/wp-json\/wp\/v2\/posts\/348800","targetHints":{"allow":["GET"]}}],"collection":[{"href":"https:\/\/www.radioluna.it\/news\/wp-json\/wp\/v2\/posts"}],"about":[{"href":"https:\/\/www.radioluna.it\/news\/wp-json\/wp\/v2\/types\/post"}],"author":[{"embeddable":true,"href":"https:\/\/www.radioluna.it\/news\/wp-json\/wp\/v2\/users\/62"}],"replies":[{"embeddable":true,"href":"https:\/\/www.radioluna.it\/news\/wp-json\/wp\/v2\/comments?post=348800"}],"version-history":[{"count":6,"href":"https:\/\/www.radioluna.it\/news\/wp-json\/wp\/v2\/posts\/348800\/revisions"}],"predecessor-version":[{"id":348818,"href":"https:\/\/www.radioluna.it\/news\/wp-json\/wp\/v2\/posts\/348800\/revisions\/348818"}],"wp:featuredmedia":[{"embeddable":true,"href":"https:\/\/www.radioluna.it\/news\/wp-json\/wp\/v2\/media\/348801"}],"wp:attachment":[{"href":"https:\/\/www.radioluna.it\/news\/wp-json\/wp\/v2\/media?parent=348800"}],"wp:term":[{"taxonomy":"category","embeddable":true,"href":"https:\/\/www.radioluna.it\/news\/wp-json\/wp\/v2\/categories?post=348800"},{"taxonomy":"post_tag","embeddable":true,"href":"https:\/\/www.radioluna.it\/news\/wp-json\/wp\/v2\/tags?post=348800"}],"curies":[{"name":"wp","href":"https:\/\/api.w.org\/{rel}","templated":true}]}}