{"id":348909,"date":"2024-03-23T09:39:01","date_gmt":"2024-03-23T08:39:01","guid":{"rendered":"https:\/\/www.radioluna.it\/news\/?p=348909"},"modified":"2024-03-25T11:10:04","modified_gmt":"2024-03-25T10:10:04","slug":"lavori-sulla-condotta-delle-sardellane-lunedi-25-marchera-lacqua-a-latina-sezze-pontinia-sabaudia-s-felice-circeo-e-terracina","status":"publish","type":"post","link":"https:\/\/www.radioluna.it\/news\/2024\/03\/lavori-sulla-condotta-delle-sardellane-lunedi-25-marchera-lacqua-a-latina-sezze-pontinia-sabaudia-s-felice-circeo-e-terracina\/","title":{"rendered":"Lavori sulla condotta delle Sardellane, luned\u00ec 25 marcher\u00e0 l&#8217;acqua a Latina, Sezze, Pontinia, Sabaudia, S. Felice Circeo e Terracina"},"content":{"rendered":"<div id=\"fb-root\"><\/div>\n<p style=\"text-align: justify;\"><strong>LATINA<\/strong> &#8211; Mancher\u00e0 l&#8217;acqua luned\u00ec 25 marzo a partire dalle 13 e fino a notte, a 250mila abitanti di Latina, Sezze, Pontinia, Sabaudia, S. Felice Circeo e Terracina. Acqualatina annuncia di aver programmato interventi su 4 chilometri della condotta adduttrice proveniente dalla Centrale Sardellane, con 4 squadre che lavoreranno in parallelo. &#8220;I lavori\u00a0 &#8211; spiega il gestore idrico in una nota &#8211; si inseriscono nel pi\u00f9 ampio piano per l\u2019ammodernamento delle reti e la riduzione delle perdite in corso su tutto il territorio dell\u2019Ato4&#8221;. Il beneficio, al termine dei lavori,\u00a0 sar\u00e0 di un recupero di circa 20 litri al secondo nei territori dei sei comuni interessati.<\/p>\n<p style=\"text-align: justify;\">Non \u00e8 un mistero che la rete idrica della provincia di Latina sia una delle pi\u00f9 danneggiate, lo si rileva dalle perdite record: il 73%\u00a0 secondo gli ultimi dati, mentre la bolletta media \u00e8 pi\u00f9 alta della media nazionale. Dunque due record negativi: la dispersione pi\u00f9 alta in Italia e la bolletta idrica pi\u00f9 salata (il dato arriva dal 19\u00b0 Rapporto sul servizio idrico integrato realizzato da Cittadinanzattiva).<\/p>\n<p style=\"text-align: justify;\">&#8220;Per far fronte all\u2019obsolescenza della condotta in uso e ai frequenti guasti, \u00e8 in fase di realizzazione la nuova condotta adduttrice che affiancher\u00e0 quella attuale &#8211; spiega ancora Acqualatina &#8211; . I lavori, gi\u00e0 avviati, garantiranno un netto miglioramento del servizio e la possibilit\u00e0 di realizzare interventi senza interruzioni di flusso. L\u2019opera verr\u00e0 realizzata con un investimento di oltre 18 milioni di euro, cofinanziato tra tariffa e PNRR&#8221;.<\/p>\n<p style=\"text-align: justify;\">L\u2019interruzione di luned\u00ec 25 marzo coinvolger\u00e0 le seguenti zone:<\/p>\n<p style=\"text-align: justify;\">Latina &#8211; intero Comune tranne Latina Scalo, Borgo Bainsizza, Borgo Sabotino, Borgo Montello, Le Ferriere, Borgo S. Maria, Borgo Carso e Borgo Podgora<br \/>\nPontinia &#8211; intero Comune<br \/>\nSabaudia &#8211; intero Comune<br \/>\nSan Felice Circeo &#8211; intero Comune tranne il centro storico, Via del Sole e Via del Faro<br \/>\nSezze &#8211; Via Migliara 46 e traverse collegate<br \/>\nTerracina &#8211; Localit\u00e0 San Vito, Colle La Guardia I e II, Via Mediana Vecchia, Via San Felice Circeo<\/p>\n<p>Previsto, come da prassi, un servizio sostitutivo tramite autobotti cos\u00ec posizionate:<\/p>\n<p>Latina &#8211; Piazza A. Celli (nei pressi del parcheggio dell\u2019Asl) e Largo Cavalli (zona Q5)<br \/>\nPontinia &#8211; Piazza Kennedy<br \/>\nSan Felice Circeo \u2013 Piazza IV Ottobre (Borgo Montenero), Via Sabaudia (presso piazzale commerciale) e Piazza Italo Gemini (presso pineta)<br \/>\nSabaudia &#8211; Piazza del Comune<\/p>\n<div class=\"radio-posizionamento-telefono-in-articoli-dopo-il-contenuto-articolo radio-entity-placement\" id=\"radio-2469453681\"><div id=\"radio-1541401015\" style=\"width: 300px;height: 250px;\"><a href=\"https:\/\/www.icarspa.it\/auto\/usate\/latina\/\" aria-label=\"banner aprile icar new life &#8211; auto usate latina\"><img loading=\"lazy\" decoding=\"async\" src=\"https:\/\/www.radioluna.it\/news\/wp-content\/uploads\/2026\/02\/banner-aprile-icar-new-life-auto-usate-latina.gif\" alt=\"\"  width=\"300\" height=\"250\"   \/><\/a><\/div><\/div>","protected":false},"excerpt":{"rendered":"<p>LATINA &#8211; Mancher\u00e0 l&#8217;acqua luned\u00ec 25 marzo a partire dalle 13 e fino a notte, a 250mila abitanti di Latina, Sezze, Pontinia, Sabaudia, S. Felice Circeo e Terracina. Acqualatina annuncia di aver programmato interventi su 4 chilometri della condotta adduttrice proveniente dalla Centrale Sardellane, con 4 squadre che lavoreranno in parallelo. &#8220;I lavori\u00a0 &#8211; spiega [&hellip;]<\/p>\n","protected":false},"author":62,"featured_media":0,"comment_status":"open","ping_status":"open","sticky":false,"template":"","format":"standard","meta":{"footnotes":""},"categories":[7,2428],"tags":[],"class_list":["post-348909","post","type-post","status-publish","format-standard","hentry","category-cronaca","category-primo-piano"],"_links":{"self":[{"href":"https:\/\/www.radioluna.it\/news\/wp-json\/wp\/v2\/posts\/348909","targetHints":{"allow":["GET"]}}],"collection":[{"href":"https:\/\/www.radioluna.it\/news\/wp-json\/wp\/v2\/posts"}],"about":[{"href":"https:\/\/www.radioluna.it\/news\/wp-json\/wp\/v2\/types\/post"}],"author":[{"embeddable":true,"href":"https:\/\/www.radioluna.it\/news\/wp-json\/wp\/v2\/users\/62"}],"replies":[{"embeddable":true,"href":"https:\/\/www.radioluna.it\/news\/wp-json\/wp\/v2\/comments?post=348909"}],"version-history":[{"count":2,"href":"https:\/\/www.radioluna.it\/news\/wp-json\/wp\/v2\/posts\/348909\/revisions"}],"predecessor-version":[{"id":348913,"href":"https:\/\/www.radioluna.it\/news\/wp-json\/wp\/v2\/posts\/348909\/revisions\/348913"}],"wp:attachment":[{"href":"https:\/\/www.radioluna.it\/news\/wp-json\/wp\/v2\/media?parent=348909"}],"wp:term":[{"taxonomy":"category","embeddable":true,"href":"https:\/\/www.radioluna.it\/news\/wp-json\/wp\/v2\/categories?post=348909"},{"taxonomy":"post_tag","embeddable":true,"href":"https:\/\/www.radioluna.it\/news\/wp-json\/wp\/v2\/tags?post=348909"}],"curies":[{"name":"wp","href":"https:\/\/api.w.org\/{rel}","templated":true}]}}