{"id":348917,"date":"2024-03-23T10:43:54","date_gmt":"2024-03-23T09:43:54","guid":{"rendered":"https:\/\/www.radioluna.it\/news\/?p=348917"},"modified":"2024-03-24T09:21:34","modified_gmt":"2024-03-24T08:21:34","slug":"ciclabile-a-rischio-cancellazione-la-fiab-lazio-retromarcia-inaudita-e-in-controtendenza-con-agenda-2030-e-green-deal","status":"publish","type":"post","link":"https:\/\/www.radioluna.it\/news\/2024\/03\/ciclabile-a-rischio-cancellazione-la-fiab-lazio-retromarcia-inaudita-e-in-controtendenza-con-agenda-2030-e-green-deal\/","title":{"rendered":"Ciclabile a rischio cancellazione, la Fiab Lazio: &#8220;Retromarcia inaudita e in controtendenza con Agenda 2030 e Green Deal&#8221;"},"content":{"rendered":"<div id=\"fb-root\"><\/div>\n<p style=\"text-align: justify;\"><strong>LATINA<\/strong> &#8211; Le decisioni annunciate su <strong>isola pedonale e pista ciclabile nel centro di Latina<\/strong> attirano l&#8217;attenzione della <strong>Fiab, la Federazione Italiana Ambiente e Bicicletta<\/strong>,\u00a0 che ha deciso di intervenire sulla questione alla vigilia della<strong> manifestazione pubblica &#8220;L&#8217;isola che non Isola&#8221; indetta per domenica 24 marzo<\/strong> e di un consiglio comunale tematico per marted\u00ec 26 marzo.<\/p>\n<p style=\"text-align: justify;\">L&#8217;idea dell&#8217;Amministrazione guidata dalla sindaca Matilde Celentano, che si trova nella scomoda posizione di dover contemperare diverse vedute all&#8217;interno della maggioranza, viene giudicata dalla Fiab Lazio &#8220;<strong>una retromarcia inaudita e in controtendenza rispetto alle politiche internazionali ed europee (Agenda 2030 dell\u2019Onu e Green Deal) che mettono al primo posto degli indirizzi amministrativi la sostenibilit\u00e0<\/strong>. Una parola abusata negli ultimi tempi e spesso usata impropriamente che semplicemente vuol dire rendere gli ambienti in cui abitiamo pi\u00f9 sani per le future generazioni limitando danni all\u2019habitat con l\u2019introduzione di risorse energetiche rinnovabili e meno impattanti in tutti i contesti, privati e pubblici. In pratica, garantire livelli di vivibilit\u00e0 futuri&#8221;.<\/p>\n<p style=\"text-align: justify;\">&#8220;Latina\u00a0 &#8211; sottolinea la <strong>coordinatrice regionale Marina Testa<\/strong>, che conosce bene la situazione del capoluogo pontino avendoci lavorato &#8211; aveva cominciato a ritagliarsi un equilibrio anche con l\u2019introduzione di ulteriori piste ciclabili urbane ed extraurbane che avrebbero reso un servizio alle persone e non ai veicoli a motore. Tra l\u2019altro le strade pontine detengono anche un\u2019altissima incidenza di incidenti stradali. Lontani da qualsiasi configurazione politica, siamo rammaricati nel constatare un arretramento sul fronte della mobilit\u00e0 sostenibile che mal si coniuga con una visione lungimirante a favore dei cittadini che verranno. In qualit\u00e0 di associazione che mira alla sostenibilit\u00e0 dei trasporti (mezzi pubblici elettrici, biciclette, gambe) quale veicolo di rigenerazione, confidiamo in una riflessione pi\u00f9 ponderata delle scelte amministrative&#8221;.<\/p>\n<p style=\"text-align: justify;\">La Federazione italiana Ambiente e Bicicletta\u00a0 &#8211; si legge nell&#8217;intervento ufficiale dell&#8217;organizzazione ambientalista la cui mission \u00e8 la diffusione della bicicletta quale mezzo di trasporto quotidiano e nel tempo libero \u00a0in un quadro di riqualificazione dell&#8217;ambiente urbano ed extraurbano &#8211; interpreta da anni il bisogno e il diritto naturale di avere, nelle citt\u00e0 italiane che ne sono prive quasi o del tutto, spazi a servizio delle persone e non delle macchine che hanno invaso in maniera malsana qualsiasi angolo urbano. <strong>L\u2019invasione motoristica si ripercuote sulla qualit\u00e0 della vita con conseguenze sulla fruibilit\u00e0 serena degli ambienti cittadini, sulla salute degli abitanti e dei frequentatori per le emissioni nocive e l\u2019impatto acustico<\/strong>. Non sono conseguenze di poco conto che degradano anche l\u2019aspetto della citt\u00e0 con perdita di valore.<\/p>\n<p style=\"text-align: justify;\">Nel Lazio sono presenti sei associazioni aderenti alla Federazione Italiana Ambiente e Bicicletta (Fiab Italia) che nel complesso contano circa 700 soci, attivi anche a Latina.<\/p>\n<div class=\"radio-posizionamento-telefono-in-articoli-dopo-il-contenuto-articolo radio-entity-placement\" id=\"radio-3357400822\"><div id=\"radio-2513959905\"><a href=\"https:\/\/grupporedi.it\/\" aria-label=\"Redi-Qr\"><img loading=\"lazy\" decoding=\"async\" src=\"https:\/\/www.radioluna.it\/news\/wp-content\/uploads\/2026\/03\/Redi-Qr.jpg\" alt=\"\"  srcset=\"https:\/\/www.radioluna.it\/news\/wp-content\/uploads\/2026\/03\/Redi-Qr.jpg 800w, https:\/\/www.radioluna.it\/news\/wp-content\/uploads\/2026\/03\/Redi-Qr-768x639.jpg 768w\" sizes=\"(max-width: 800px) 100vw, 800px\" width=\"300\" height=\"250\"   \/><\/a><\/div><\/div>","protected":false},"excerpt":{"rendered":"<p>LATINA &#8211; Le decisioni annunciate su isola pedonale e pista ciclabile nel centro di Latina attirano l&#8217;attenzione della Fiab, la Federazione Italiana Ambiente e Bicicletta,\u00a0 che ha deciso di intervenire sulla questione alla vigilia della manifestazione pubblica &#8220;L&#8217;isola che non Isola&#8221; indetta per domenica 24 marzo e di un consiglio comunale tematico per marted\u00ec 26 [&hellip;]<\/p>\n","protected":false},"author":62,"featured_media":348918,"comment_status":"open","ping_status":"open","sticky":false,"template":"","format":"standard","meta":{"footnotes":""},"categories":[8,2428],"tags":[],"class_list":["post-348917","post","type-post","status-publish","format-standard","has-post-thumbnail","hentry","category-politica","category-primo-piano"],"_links":{"self":[{"href":"https:\/\/www.radioluna.it\/news\/wp-json\/wp\/v2\/posts\/348917","targetHints":{"allow":["GET"]}}],"collection":[{"href":"https:\/\/www.radioluna.it\/news\/wp-json\/wp\/v2\/posts"}],"about":[{"href":"https:\/\/www.radioluna.it\/news\/wp-json\/wp\/v2\/types\/post"}],"author":[{"embeddable":true,"href":"https:\/\/www.radioluna.it\/news\/wp-json\/wp\/v2\/users\/62"}],"replies":[{"embeddable":true,"href":"https:\/\/www.radioluna.it\/news\/wp-json\/wp\/v2\/comments?post=348917"}],"version-history":[{"count":1,"href":"https:\/\/www.radioluna.it\/news\/wp-json\/wp\/v2\/posts\/348917\/revisions"}],"predecessor-version":[{"id":348919,"href":"https:\/\/www.radioluna.it\/news\/wp-json\/wp\/v2\/posts\/348917\/revisions\/348919"}],"wp:featuredmedia":[{"embeddable":true,"href":"https:\/\/www.radioluna.it\/news\/wp-json\/wp\/v2\/media\/348918"}],"wp:attachment":[{"href":"https:\/\/www.radioluna.it\/news\/wp-json\/wp\/v2\/media?parent=348917"}],"wp:term":[{"taxonomy":"category","embeddable":true,"href":"https:\/\/www.radioluna.it\/news\/wp-json\/wp\/v2\/categories?post=348917"},{"taxonomy":"post_tag","embeddable":true,"href":"https:\/\/www.radioluna.it\/news\/wp-json\/wp\/v2\/tags?post=348917"}],"curies":[{"name":"wp","href":"https:\/\/api.w.org\/{rel}","templated":true}]}}