{"id":348921,"date":"2024-03-24T06:57:15","date_gmt":"2024-03-24T05:57:15","guid":{"rendered":"https:\/\/www.radioluna.it\/news\/?p=348921"},"modified":"2024-03-25T13:25:46","modified_gmt":"2024-03-25T12:25:46","slug":"nel-monumento-naturale-di-campo-soriano-inaugurato-un-sentiero-natura","status":"publish","type":"post","link":"https:\/\/www.radioluna.it\/news\/2024\/03\/nel-monumento-naturale-di-campo-soriano-inaugurato-un-sentiero-natura\/","title":{"rendered":"Nel Monumento Naturale di Campo Soriano inaugurato un sentiero natura"},"content":{"rendered":"<div id=\"fb-root\"><\/div>\n<p style=\"text-align: justify;\"><strong>TERRACINA\u00a0<\/strong> &#8211; Un nuovo sentiero natura da percorrere \u00e8 stato presentato al pubblico e inaugurato ufficialmente questa mattina. E&#8217; \u201cLa Cattedrale di Camposoriano\u201d, che l\u2019Ente Parco dei Monti Ausoni e Lago di Fondi ha progettato e realizzato nell\u2019area collinare a cavallo tra i Comuni di Terracina e Sonnino per valorizzare e favorire la fruizione di un sito che, per le sue particolarit\u00e0 geologiche, dal \u00a01985 \u00a0\u00e8 Monumento Naturale della Regione, il primo istituito nel Lazio.<\/p>\n<p style=\"text-align: justify;\">&#8220;Il sentiero, che si snoda per la lunghezza di circa 400 metri in uno scenario dominato da spettacolari rocce carsiche, deve la sua denominazione alla presenza, lungo il suo tracciato, del blocco carbonatico noto come \u201cLa Cattedrale\u201d o \u201cRava di San Domenico\u201d. Visitarlo \u2013 ricordano dal Parco Regionale &#8211; \u00a0\u00e8 un po\u2019 come leggere nel libro della natura la storia della formazione del nostro territorio&#8221;.<\/p>\n<p style=\"text-align: justify;\">L&#8217;apertura con una serie di attivit\u00e0 anche riservate ai pi\u00f9 piccoli \u00e8 avvenuta alla presenza dei Sindaci di Sonnino e di Terracina, degli Assessori e del Direttore della Direzione Ambiente della Regione Lazio, dei rappresentanti delle associazioni del territorio e del Commissario Straordinario e del Direttore dell\u2019Ente Parco Naturale Regionale Monti Ausoni e Lago di Fondi.<\/p>\n<p style=\"text-align: justify;\">Il Commissario Straordinario del Parco Giuseppe Incocciati sottolinea come sia &#8220;interesse di tutti recuperare pienamente alla fruizione pubblica un\u2019area di cos\u00ec eccezionale valore e suggestione&#8221; e che l&#8217; &#8220;impegno dell\u2019Ente Parco a valorizzare complessivamente l\u2019area \u00e8 testimoniato per altri versi anche dalla realizzazione, sempre a Camposoriano, di un campo di orienteering oggi provvisto di una carta topografica di alto dettaglio e dalle attivit\u00e0 che l\u2019Ente, in collaborazione con le associazioni naturalistiche locali, periodicamente vi svolge\u201d.<\/p>\n<p style=\"text-align: justify;\">\u201cOccorre conoscere la Natura per amarla e rispettarla \u2013 afferma il direttore De Filippis. Il nuovo sentiero, al quale si affiancher\u00e0 presto un centro visite e museo del Parco che stiamo realizzando presso l\u2019ex Scuola recentemente concessa in comodato da parte del Comune di Terracina, dar\u00e0 certamente impulso alla frequentazione dell\u2019area, favorendone la conoscenza da parte di quote crescenti di visitatori, e ci\u00f2 contribuir\u00e0 concretamente alla formazione di quella coscienza ecologica che \u00e8 il primo e pi\u00f9 importante presidio a difesa del sito e, pi\u00f9 in generale, della natura stessa\u201d.<\/p>\n<div class=\"radio-posizionamento-telefono-in-articoli-dopo-il-contenuto-articolo radio-entity-placement\" id=\"radio-1060536898\"><div id=\"radio-1183774093\" style=\"width: 300px;height: 250px;\"><a href=\"https:\/\/www.icarspa.it\/auto\/usate\/latina\/\" aria-label=\"banner aprile icar new life &#8211; auto usate latina\"><img loading=\"lazy\" decoding=\"async\" src=\"https:\/\/www.radioluna.it\/news\/wp-content\/uploads\/2026\/02\/banner-aprile-icar-new-life-auto-usate-latina.gif\" alt=\"\"  width=\"300\" height=\"250\"   \/><\/a><\/div><\/div>","protected":false},"excerpt":{"rendered":"<p>TERRACINA\u00a0 &#8211; Un nuovo sentiero natura da percorrere \u00e8 stato presentato al pubblico e inaugurato ufficialmente questa mattina. E&#8217; \u201cLa Cattedrale di Camposoriano\u201d, che l\u2019Ente Parco dei Monti Ausoni e Lago di Fondi ha progettato e realizzato nell\u2019area collinare a cavallo tra i Comuni di Terracina e Sonnino per valorizzare e favorire la fruizione di [&hellip;]<\/p>\n","protected":false},"author":62,"featured_media":348925,"comment_status":"open","ping_status":"open","sticky":false,"template":"","format":"standard","meta":{"footnotes":""},"categories":[12,734],"tags":[],"class_list":["post-348921","post","type-post","status-publish","format-standard","has-post-thumbnail","hentry","category-ambiente","category-evidenza"],"_links":{"self":[{"href":"https:\/\/www.radioluna.it\/news\/wp-json\/wp\/v2\/posts\/348921","targetHints":{"allow":["GET"]}}],"collection":[{"href":"https:\/\/www.radioluna.it\/news\/wp-json\/wp\/v2\/posts"}],"about":[{"href":"https:\/\/www.radioluna.it\/news\/wp-json\/wp\/v2\/types\/post"}],"author":[{"embeddable":true,"href":"https:\/\/www.radioluna.it\/news\/wp-json\/wp\/v2\/users\/62"}],"replies":[{"embeddable":true,"href":"https:\/\/www.radioluna.it\/news\/wp-json\/wp\/v2\/comments?post=348921"}],"version-history":[{"count":3,"href":"https:\/\/www.radioluna.it\/news\/wp-json\/wp\/v2\/posts\/348921\/revisions"}],"predecessor-version":[{"id":348926,"href":"https:\/\/www.radioluna.it\/news\/wp-json\/wp\/v2\/posts\/348921\/revisions\/348926"}],"wp:featuredmedia":[{"embeddable":true,"href":"https:\/\/www.radioluna.it\/news\/wp-json\/wp\/v2\/media\/348925"}],"wp:attachment":[{"href":"https:\/\/www.radioluna.it\/news\/wp-json\/wp\/v2\/media?parent=348921"}],"wp:term":[{"taxonomy":"category","embeddable":true,"href":"https:\/\/www.radioluna.it\/news\/wp-json\/wp\/v2\/categories?post=348921"},{"taxonomy":"post_tag","embeddable":true,"href":"https:\/\/www.radioluna.it\/news\/wp-json\/wp\/v2\/tags?post=348921"}],"curies":[{"name":"wp","href":"https:\/\/api.w.org\/{rel}","templated":true}]}}