{"id":348932,"date":"2024-03-23T15:14:21","date_gmt":"2024-03-23T14:14:21","guid":{"rendered":"https:\/\/www.radioluna.it\/news\/?p=348932"},"modified":"2024-03-25T06:56:20","modified_gmt":"2024-03-25T05:56:20","slug":"isola-pedonale-lappello-salviamola-mobilitazione-domenica-in-piazza-del-popolo","status":"publish","type":"post","link":"https:\/\/www.radioluna.it\/news\/2024\/03\/isola-pedonale-lappello-salviamola-mobilitazione-domenica-in-piazza-del-popolo\/","title":{"rendered":"Isola pedonale, l&#8217;appello: &#8220;Salviamola&#8221;. Mobilitazione domenica in piazza del Popolo"},"content":{"rendered":"<div id=\"fb-root\"><\/div>\n<p style=\"text-align: justify;\"><strong>LATINA<\/strong> &#8211; Una grande <strong>mobilitazione a Latina per salvare l\u2019isola pedonale<\/strong>. L\u2019appuntamento \u00e8 d<strong>omenica 24 marzo alle 10 in Piazza del Popolo<\/strong> e a organizzarlo sono tutte le forze di opposizione che credono nel valore di uno spazio condiviso, nel rispetto dell\u2019ambiente, nella salute e nella sostenibilit\u00e0. La manifestazione \u201cL\u2019isola che non isola\u201d \u00e8 firmata infatti dalle forze politiche che siedono in consiglio comunale, <strong>Latina Bene Comune, Movimento 5 Stelle, Partito democratico, Per Latina 2032, ma anche da Azione, Europa Verde, Italia Viva, Latina Possibile, Partito socialista italiano, Rifondazione comunista, Sinistra italiana. Ed \u00e8 aperta a cittadini, famiglie, bambini, giovani, scuole e associazioni<\/strong> che hanno a cuore il bene della citt\u00e0 e vogliono far sentire la loro voce. Nelle scorse ore \u00e8 arrivato anche <a href=\"https:\/\/www.radioluna.it\/news\/2024\/03\/ciclabile-a-rischio-cancellazione-la-fiab-lazio-retromarcia-inaudita-e-in-controtendenza-con-agenda-2030-e-green-deal\/\">l&#8217;intervento della Fiab Lazio, Federazione Italiana Ambiente e Bicicletta<\/a>.<\/p>\n<p style=\"text-align: justify;\">\u201cQuando ci trova su un tema cos\u00ec importante e delicato \u2013 spiegano gli organizzatori \u2013 si riesce a fare comunit\u00e0 e a trovare l\u2019unit\u00e0 politica, che \u00e8 unit\u00e0 di visione e di principi che legano forze anche molto diverse fra loro. Ma questo \u00e8 solo l\u2019inizio di una mobilitazione pi\u00f9 ampia, in vista del consiglio comunale di marted\u00ec e di un incontro gi\u00e0 programmato per il 28 marzo che punter\u00e0 sull\u2019ascolto della citt\u00e0 e sull\u2019elaborazione di proposte. Oggi pi\u00f9 che mai questa azione si rende necessaria, visto che apprendiamo dalla stampa che, senza alcun confronto, la maggioranza ha intenzione non solo di riaprire una parte del centro alle auto eliminando una parte della pista ciclabile, ma di cancellare completamente l\u2019intero anello ciclabile del centro storico rischiando di <strong>trasformare il cuore di Latina in un parcheggio<\/strong>. Una scelta scellerata e anacronistica, in totale controtendenza rispetto a quanto avviene nel resto dell\u2019Europa e in aperto contrasto con le previsioni del Pums. Ci chiediamo quale sia il disegno dell\u2019attuale amministrazione, quale la strategia per le politiche di mobilit\u00e0 sostenibile, quale visione per la crescita della citt\u00e0, quali siano le risposte che intende dare alle famiglie e ai bambini che meritano spazi vivibili e sicuri e una cultura basata sul rispetto dell\u2019ambiente. <strong>Una scelta contraria alle direttive comunitarie che ci dannegger\u00e0<\/strong> non solo per i soldi pubblici di recente spesi per la sua ristrutturazione ma perch\u00e9, a cascata, perderemo altri fondi che arrivano alle citt\u00e0 che investono su questi temi\u201d.<\/p>\n<p style=\"text-align: justify;\">\u201c<strong>Il centro storico \u2013 scrivono le forze politiche \u2013 deve rimanere area pedonale, deve essere rigenerato rispettando l\u2019ambiente e la salute. Deve diventare spazio libero, sicuro, salubre, attrattivo per tutte e tutti. L\u2019isola pedonale costruisce una comunit\u00e0.<\/strong> Per questo invitiamo associazioni, cittadine e cittadini a partecipare e a far sentire la loro voce. Non si tratta infatti solo di un\u2019iniziativa \u2018contro\u2019 la decisione dell\u2019amministrazione comunale, ma di una mobilitazione che punta a riaffermare il valore dell\u2019isola pedonale per il benessere dei cittadini e la vivibilit\u00e0 di un territorio ma anche a delineare l\u2019isola pedonale che \u00a0la citt\u00e0 vuole, attraverso un percorso di confronto e approfondimento su vari aspetti, dall\u2019ambiente alla salute fino all\u2019architettura\u201d.<\/p>\n<div class=\"radio-posizionamento-telefono-in-articoli-dopo-il-contenuto-articolo radio-entity-placement\" id=\"radio-2396016728\"><div id=\"radio-871916979\"><a href=\"https:\/\/www.simeoneceramiche.com\/\" aria-label=\"SIMEONE CERAMICHE GIF animata per radioluna_Tavola disegno 1 copia 2 (online-video-cutter.com)\"><img loading=\"lazy\" decoding=\"async\" src=\"https:\/\/www.radioluna.it\/news\/wp-content\/uploads\/2025\/05\/SIMEONE-CERAMICHE-GIF-animata-per-radioluna_Tavola-disegno-1-copia-2-online-video-cutter.com_.gif\" alt=\"\"  width=\"300\" height=\"250\"   \/><\/a><\/div><\/div>","protected":false},"excerpt":{"rendered":"<p>LATINA &#8211; Una grande mobilitazione a Latina per salvare l\u2019isola pedonale. L\u2019appuntamento \u00e8 domenica 24 marzo alle 10 in Piazza del Popolo e a organizzarlo sono tutte le forze di opposizione che credono nel valore di uno spazio condiviso, nel rispetto dell\u2019ambiente, nella salute e nella sostenibilit\u00e0. La manifestazione \u201cL\u2019isola che non isola\u201d \u00e8 firmata [&hellip;]<\/p>\n","protected":false},"author":60,"featured_media":348660,"comment_status":"open","ping_status":"open","sticky":false,"template":"","format":"standard","meta":{"footnotes":""},"categories":[12],"tags":[],"class_list":["post-348932","post","type-post","status-publish","format-standard","has-post-thumbnail","hentry","category-ambiente"],"_links":{"self":[{"href":"https:\/\/www.radioluna.it\/news\/wp-json\/wp\/v2\/posts\/348932","targetHints":{"allow":["GET"]}}],"collection":[{"href":"https:\/\/www.radioluna.it\/news\/wp-json\/wp\/v2\/posts"}],"about":[{"href":"https:\/\/www.radioluna.it\/news\/wp-json\/wp\/v2\/types\/post"}],"author":[{"embeddable":true,"href":"https:\/\/www.radioluna.it\/news\/wp-json\/wp\/v2\/users\/60"}],"replies":[{"embeddable":true,"href":"https:\/\/www.radioluna.it\/news\/wp-json\/wp\/v2\/comments?post=348932"}],"version-history":[{"count":1,"href":"https:\/\/www.radioluna.it\/news\/wp-json\/wp\/v2\/posts\/348932\/revisions"}],"predecessor-version":[{"id":348933,"href":"https:\/\/www.radioluna.it\/news\/wp-json\/wp\/v2\/posts\/348932\/revisions\/348933"}],"wp:featuredmedia":[{"embeddable":true,"href":"https:\/\/www.radioluna.it\/news\/wp-json\/wp\/v2\/media\/348660"}],"wp:attachment":[{"href":"https:\/\/www.radioluna.it\/news\/wp-json\/wp\/v2\/media?parent=348932"}],"wp:term":[{"taxonomy":"category","embeddable":true,"href":"https:\/\/www.radioluna.it\/news\/wp-json\/wp\/v2\/categories?post=348932"},{"taxonomy":"post_tag","embeddable":true,"href":"https:\/\/www.radioluna.it\/news\/wp-json\/wp\/v2\/tags?post=348932"}],"curies":[{"name":"wp","href":"https:\/\/api.w.org\/{rel}","templated":true}]}}