{"id":348973,"date":"2024-03-24T09:18:47","date_gmt":"2024-03-24T08:18:47","guid":{"rendered":"https:\/\/www.radioluna.it\/news\/?p=348973"},"modified":"2024-03-24T09:18:47","modified_gmt":"2024-03-24T08:18:47","slug":"latina-scuole-chiuse-dalle-13-per-lo-stop-idrico","status":"publish","type":"post","link":"https:\/\/www.radioluna.it\/news\/2024\/03\/latina-scuole-chiuse-dalle-13-per-lo-stop-idrico\/","title":{"rendered":"Latina, scuole chiuse dalle 13 per lo stop idrico"},"content":{"rendered":"<div id=\"fb-root\"><\/div>\n<p style=\"text-align: justify;\">LATINA -Il sindaco Matilde Celentano ha disposto, con ordinanza numero 55 recante la data di oggi, 23 marzo, la sospensione delle attivit\u00e0 didattiche nelle scuole per la giornata di luned\u00ec 25 marzo, a partire dalle ore 13 e fino al ripristino del flusso idrico che sar\u00e0 interrotto per consentire urgenti riparazioni sulla condotta proveniente da Sardellane.<\/p>\n<p style=\"text-align: justify;\">Il provvedimento riguarda tutte le scuole di ogni ordine e grado del territorio comunale di Latina ad esclusione di quelle situate a Borgo Sabotino, Borgo Santa Maria, Latina Scalo, Borgo Montello, Borgo Bainsizza, Borgo Podgora e Borgo Le Ferriere.<\/p>\n<p style=\"text-align: justify;\">L\u2019ordinanza, che di fatto anticipa l\u2019uscita degli studenti, bambini e ragazzi, rispetto al consueto orario, e che prevede, salvo imprevisti, il ritorno a scuola marted\u00ec, scaturisce dalla programmata interruzione del flusso idrico dalle ore 13 del 25 marzo fino alle ore 02 del 26 marzo comunicata da Acqualstina. Sar\u00e0 cura della stessa societ\u00e0 fornire tempestive informazioni in caso di ritardi. Nel corso della sospensione del servizio idrico, il gestore ha previsto il servizio sostitutivo per mezzo di autobotti, che saranno presenti a piazza Celli e a Largo Cavalli.<\/p>\n<div class=\"radio-posizionamento-telefono-in-articoli-dopo-il-contenuto-articolo radio-entity-placement\" id=\"radio-769356377\"><div id=\"radio-813746825\" style=\"width: 300px;height: 250px;\"><a href=\"https:\/\/www.icarspa.it\/auto\/usate\/latina\/\" aria-label=\"banner aprile icar new life &#8211; auto usate latina\"><img loading=\"lazy\" decoding=\"async\" src=\"https:\/\/www.radioluna.it\/news\/wp-content\/uploads\/2026\/02\/banner-aprile-icar-new-life-auto-usate-latina.gif\" alt=\"\"  width=\"300\" height=\"250\"   \/><\/a><\/div><\/div>","protected":false},"excerpt":{"rendered":"<p>LATINA -Il sindaco Matilde Celentano ha disposto, con ordinanza numero 55 recante la data di oggi, 23 marzo, la sospensione delle attivit\u00e0 didattiche nelle scuole per la giornata di luned\u00ec 25 marzo, a partire dalle ore 13 e fino al ripristino del flusso idrico che sar\u00e0 interrotto per consentire urgenti riparazioni sulla condotta proveniente da [&hellip;]<\/p>\n","protected":false},"author":60,"featured_media":181401,"comment_status":"open","ping_status":"open","sticky":false,"template":"","format":"standard","meta":{"footnotes":""},"categories":[8,248],"tags":[],"class_list":["post-348973","post","type-post","status-publish","format-standard","has-post-thumbnail","hentry","category-politica","category-istruzione"],"_links":{"self":[{"href":"https:\/\/www.radioluna.it\/news\/wp-json\/wp\/v2\/posts\/348973","targetHints":{"allow":["GET"]}}],"collection":[{"href":"https:\/\/www.radioluna.it\/news\/wp-json\/wp\/v2\/posts"}],"about":[{"href":"https:\/\/www.radioluna.it\/news\/wp-json\/wp\/v2\/types\/post"}],"author":[{"embeddable":true,"href":"https:\/\/www.radioluna.it\/news\/wp-json\/wp\/v2\/users\/60"}],"replies":[{"embeddable":true,"href":"https:\/\/www.radioluna.it\/news\/wp-json\/wp\/v2\/comments?post=348973"}],"version-history":[{"count":1,"href":"https:\/\/www.radioluna.it\/news\/wp-json\/wp\/v2\/posts\/348973\/revisions"}],"predecessor-version":[{"id":348974,"href":"https:\/\/www.radioluna.it\/news\/wp-json\/wp\/v2\/posts\/348973\/revisions\/348974"}],"wp:featuredmedia":[{"embeddable":true,"href":"https:\/\/www.radioluna.it\/news\/wp-json\/wp\/v2\/media\/181401"}],"wp:attachment":[{"href":"https:\/\/www.radioluna.it\/news\/wp-json\/wp\/v2\/media?parent=348973"}],"wp:term":[{"taxonomy":"category","embeddable":true,"href":"https:\/\/www.radioluna.it\/news\/wp-json\/wp\/v2\/categories?post=348973"},{"taxonomy":"post_tag","embeddable":true,"href":"https:\/\/www.radioluna.it\/news\/wp-json\/wp\/v2\/tags?post=348973"}],"curies":[{"name":"wp","href":"https:\/\/api.w.org\/{rel}","templated":true}]}}