{"id":348982,"date":"2024-03-25T08:20:50","date_gmt":"2024-03-25T07:20:50","guid":{"rendered":"https:\/\/www.radioluna.it\/news\/?p=348982"},"modified":"2024-03-25T08:26:26","modified_gmt":"2024-03-25T07:26:26","slug":"salute-ambiente-spazi-di-comunita-ecco-perche-lisola-pedonale-non-si-deve-toccare","status":"publish","type":"post","link":"https:\/\/www.radioluna.it\/news\/2024\/03\/salute-ambiente-spazi-di-comunita-ecco-perche-lisola-pedonale-non-si-deve-toccare\/","title":{"rendered":"&#8220;Salute, ambiente, spazi di comunit\u00e0: ecco perch\u00e9 l&#8217;Isola pedonale non si deve toccare&#8221;"},"content":{"rendered":"<div id=\"fb-root\"><\/div>\n<p style=\"text-align: justify;\"><strong>LATINA<\/strong> &#8211; Si \u00e8 tenuta in Piazza del Popolo a Latina, nella mattinata di domenica, la manifestazione per dire no alla riapertura parziale dell\u2019isola pedonale nel tratto di Piazza del Popolo dall\u2019Intendenza di Finanza a Via Diaz e contro l\u2019annunciata cancellazione della pista ciclabile nel centro storico. &#8220;Non si pu\u00f2 tornare indietro&#8221; hanno detto i manifestanti di Lbc, Pd, M5S, Per Latina 2032 che siedono in consiglio comunale, e ai quali si sono uniti Europa Verde Latina, Latina Possibile, Italia Viva,\u00a0 Azione, Partito Socialista Italiano, Rifondazione Comunista e Sinistra Italiana. Un tema che \u00e8 riuscito a mettere d&#8217;accordo tutti e che ha visto <a href=\"https:\/\/www.radioluna.it\/news\/2024\/03\/ciclabile-a-rischio-cancellazione-la-fiab-lazio-retromarcia-inaudita-e-in-controtendenza-con-agenda-2030-e-green-deal\/\">l&#8217;intervento della Fiab Lazio<\/a>.<\/p>\n<p style=\"text-align: justify;\">Salute, cura per l\u2019ambiente, la necessit\u00e0 di aumentare gli spazi di comunit\u00e0, i temi dei manifestanti espressi negli interventi di Dario Bellini, Giuseppe Pannone e Maria Grazia Ciolfi critici anche sul fatto che si tornino a parcheggiare auto sotto i portici dell\u2019Intendenza di Finanza, uno degli edifici pi\u00f9 rappresentativi della citt\u00e0 razionalista. Tra i temi, la necessit\u00e0 di una lotta seria all\u2019innalzamento delle temperature nei centri urbani che deve essere attuata anche a Latina, e che non pu\u00f2 prescindere dalla limitazione dell&#8217;uso delle automobili e dalla promozione di una\u00a0 mobilit\u00e0 alternativa sostenibile.<\/p>\n<p style=\"text-align: justify;\">Proprio di clima si occupa questa mattina l\u2019indagine pubblicata del Sole 24 ore che vede Latina in una buona posizione, ma con dati drammatici su ondate di calore e indice di calore.<\/p>\n<div class=\"radio-posizionamento-telefono-in-articoli-dopo-il-contenuto-articolo radio-entity-placement\" id=\"radio-1434069374\"><div id=\"radio-2051907844\" style=\"width: 300px;height: 250px;\"><a href=\"https:\/\/www.icarspa.it\/auto\/usate\/latina\/\" aria-label=\"banner aprile icar new life &#8211; auto usate latina\"><img loading=\"lazy\" decoding=\"async\" src=\"https:\/\/www.radioluna.it\/news\/wp-content\/uploads\/2026\/02\/banner-aprile-icar-new-life-auto-usate-latina.gif\" alt=\"\"  width=\"300\" height=\"250\"   \/><\/a><\/div><\/div>","protected":false},"excerpt":{"rendered":"<p>LATINA &#8211; Si \u00e8 tenuta in Piazza del Popolo a Latina, nella mattinata di domenica, la manifestazione per dire no alla riapertura parziale dell\u2019isola pedonale nel tratto di Piazza del Popolo dall\u2019Intendenza di Finanza a Via Diaz e contro l\u2019annunciata cancellazione della pista ciclabile nel centro storico. &#8220;Non si pu\u00f2 tornare indietro&#8221; hanno detto i [&hellip;]<\/p>\n","protected":false},"author":62,"featured_media":348983,"comment_status":"open","ping_status":"open","sticky":false,"template":"","format":"standard","meta":{"footnotes":""},"categories":[8],"tags":[],"class_list":["post-348982","post","type-post","status-publish","format-standard","has-post-thumbnail","hentry","category-politica"],"_links":{"self":[{"href":"https:\/\/www.radioluna.it\/news\/wp-json\/wp\/v2\/posts\/348982","targetHints":{"allow":["GET"]}}],"collection":[{"href":"https:\/\/www.radioluna.it\/news\/wp-json\/wp\/v2\/posts"}],"about":[{"href":"https:\/\/www.radioluna.it\/news\/wp-json\/wp\/v2\/types\/post"}],"author":[{"embeddable":true,"href":"https:\/\/www.radioluna.it\/news\/wp-json\/wp\/v2\/users\/62"}],"replies":[{"embeddable":true,"href":"https:\/\/www.radioluna.it\/news\/wp-json\/wp\/v2\/comments?post=348982"}],"version-history":[{"count":3,"href":"https:\/\/www.radioluna.it\/news\/wp-json\/wp\/v2\/posts\/348982\/revisions"}],"predecessor-version":[{"id":348986,"href":"https:\/\/www.radioluna.it\/news\/wp-json\/wp\/v2\/posts\/348982\/revisions\/348986"}],"wp:featuredmedia":[{"embeddable":true,"href":"https:\/\/www.radioluna.it\/news\/wp-json\/wp\/v2\/media\/348983"}],"wp:attachment":[{"href":"https:\/\/www.radioluna.it\/news\/wp-json\/wp\/v2\/media?parent=348982"}],"wp:term":[{"taxonomy":"category","embeddable":true,"href":"https:\/\/www.radioluna.it\/news\/wp-json\/wp\/v2\/categories?post=348982"},{"taxonomy":"post_tag","embeddable":true,"href":"https:\/\/www.radioluna.it\/news\/wp-json\/wp\/v2\/tags?post=348982"}],"curies":[{"name":"wp","href":"https:\/\/api.w.org\/{rel}","templated":true}]}}