{"id":349055,"date":"2024-03-26T07:14:02","date_gmt":"2024-03-26T06:14:02","guid":{"rendered":"https:\/\/www.radioluna.it\/news\/?p=349055"},"modified":"2024-03-26T07:14:02","modified_gmt":"2024-03-26T06:14:02","slug":"il-caboto-di-gaeta-omaggia-la-memoria-dellistituto","status":"publish","type":"post","link":"https:\/\/www.radioluna.it\/news\/2024\/03\/il-caboto-di-gaeta-omaggia-la-memoria-dellistituto\/","title":{"rendered":"Il Caboto di Gaeta omaggia la memoria dell\u2019Istituto"},"content":{"rendered":"<div id=\"fb-root\"><\/div>\n<p style=\"text-align: justify;\"><strong>GAETA &#8211;\u00a0 <\/strong>Si \u00e8 svolta ieri mattina presso l\u2019\u2019I.<strong>I.S.S. &#8220;G. Caboto&#8221;<\/strong> la cerimonia dell&#8217;intitolazione dell&#8217;aula Magna al preside Antonio Troisi,\u00a0 del Laboratorio di Navigazione Simulata al prof. Francesco Trapani e della Palestra all&#8217;autunno Bartolomeo (Romeo) Bondanese, prematuramente scomparso il 16 febbraio 2021 a Formia.<\/p>\n<p style=\"text-align: justify;\">La cerimonia ha avuto luogo presso l\u2019Aula Magna dell\u2019Istituto alla presenza del <strong>Presidente della Provincia Gerardo Stefanelli, dell\u2019Assessore regionale alla Pubblica istruzione Giuseppe Schiboni e del Sindaco di Gaeta Cristian Leccese.<\/strong><\/p>\n<p style=\"text-align: justify;\">Il <strong>Presidente della Provincia Gerardo Stefanelli<\/strong> ha espresso la sua ammirazione per l\u2019iniziativa, rinnovando il supporto dell\u2019amministrazione provinciale all\u2019attivit\u00e0 dell\u2019Istituto: &#8221; Sono lieto di essere qui questa mattina a celebrare la storia di un istituto che rappresenta una delle realt\u00e0 pi\u00f9 eccellenti del nostro territorio. Credo che non ci sia modo migliore per farlo se non attraverso il racconto e il ricordo delle vite di figure cruciali nel tessuto sociale e relazionale della scuola: un dirigente, un docente e uno studente. Tre figure diverse che rappresentano per\u00f2 il <strong>grande valore della comunit\u00e0 <\/strong>che questo centro di formazione rappresenta nella vita dei tanti studenti che qui si sono preparati ad affrontare il futuro.\u201d<\/p>\n<p>\u201cViviamo in una societ\u00e0 liquida, che rincorre in modo ossessivo l&#8217;istante e ha sempre pi\u00f9 bisogno di un filo che unisca idealmente non solo la sua storia, ma soprattutto le generazioni, per alimentare il legame profondo con la nostra identit\u00e0 e fornire ai giovani dei valori profondi su cui fondare la propria personalit\u00e0. Fondamentali in questo contesto sono le relazioni, una rete importantissima per combattere il disagio giovanile. Ecco perch\u00e9, iniziative come queste servono a custodire e valorizzare le vite di chi ha vissuto con dedizione e passione il proprio compito di educatore, accompagnando molti giovani nella formazione, e ancora di pi\u00f9, di chi morto prematuramente, come Romeo, pu\u00f2 essere un monito a difendere la sacralit\u00e0 della vita. Ringrazio la Preside Maria Rosa Valente per la sua sensibilit\u00e0 e tutto l\u2019istituto per questa nobile iniziativa e l\u2019accoglienza che ogni volta ci riserva.\u201d<\/p>\n<p style=\"text-align: justify;\">Al termine dell\u2019intitolazione delle aule, si \u00e8 proceduto alla presentazione dei laboratori dell\u2019Istituto che hanno mostrato l\u2019avanzata tecnologia a supporto dei percorsi didattici offerti.<\/p>\n<p style=\"text-align: justify;\">In questa occasione la <strong>Dirigente Scolastica, la Prof.ssa Maria Rosa Valente <\/strong>ha ringraziato i presenti e commentato cos\u00ec la Cerimonia: \u201cNella giornata odierna, attraverso il ricordo del preside Antonio Troisi, del prof. Francesco Trapani e dell\u2019alunno Romeo Bondanese, si \u00e8 rinforzato negli insegnanti, negli studenti e in tutto il personale, un forte legame tra il passato, il presente ed il futuro.<\/p>\n<p style=\"text-align: justify;\">\u00c8 molto importante mantenere vivo il filo della memoria, oggi pi\u00f9 che mai, dal momento che viviamo in una societ\u00e0 smart, veloce e consumistica, dove, purtroppo, tutto si dimentica velocemente. Come societ\u00e0 e come scuola in particolare dobbiamo impegnarci, invece, affinch\u00e9 non si riduca il tutto solo ed esclusivamente al presente. Dobbiamo tener viva la consapevolezza del percorso che ci ha portato all\u2019oggi e la capacit\u00e0 di coltivare il senso della continuit\u00e0, in modo da comprendere il presente per saper costruire il futuro.<\/p>\n<p>Guardare il trascorso e ricordare il preside Troisi\u00a0 il prof. Trapani e l&#8217;alunno Bondanese vuol dire tener presente il filo della memoria dell&#8217;Istituto Caboto il cui capo \u00e8 collocato 170 anni fa ma che continuamente si srotola attraverso tutti coloro che giornalmente vi operano. Per questo ringrazio tutti i presenti per aver accolto il nostro invito a partecipato a questo momento molto importante.\u201d<\/p>\n<p>&nbsp;<\/p>\n","protected":false},"excerpt":{"rendered":"<p>GAETA &#8211;\u00a0 Si \u00e8 svolta ieri mattina presso l\u2019\u2019I.I.S.S. &#8220;G. Caboto&#8221; la cerimonia dell&#8217;intitolazione dell&#8217;aula Magna al preside Antonio Troisi,\u00a0 del Laboratorio di Navigazione Simulata al prof. Francesco Trapani e della Palestra all&#8217;autunno Bartolomeo (Romeo) Bondanese, prematuramente scomparso il 16 febbraio 2021 a Formia. La cerimonia ha avuto luogo presso l\u2019Aula Magna dell\u2019Istituto alla presenza [&hellip;]<\/p>\n","protected":false},"author":60,"featured_media":0,"comment_status":"open","ping_status":"open","sticky":false,"template":"","format":"standard","meta":{"footnotes":""},"categories":[734,248],"tags":[],"class_list":["post-349055","post","type-post","status-publish","format-standard","hentry","category-evidenza","category-istruzione"],"_links":{"self":[{"href":"https:\/\/www.radioluna.it\/news\/wp-json\/wp\/v2\/posts\/349055","targetHints":{"allow":["GET"]}}],"collection":[{"href":"https:\/\/www.radioluna.it\/news\/wp-json\/wp\/v2\/posts"}],"about":[{"href":"https:\/\/www.radioluna.it\/news\/wp-json\/wp\/v2\/types\/post"}],"author":[{"embeddable":true,"href":"https:\/\/www.radioluna.it\/news\/wp-json\/wp\/v2\/users\/60"}],"replies":[{"embeddable":true,"href":"https:\/\/www.radioluna.it\/news\/wp-json\/wp\/v2\/comments?post=349055"}],"version-history":[{"count":0,"href":"https:\/\/www.radioluna.it\/news\/wp-json\/wp\/v2\/posts\/349055\/revisions"}],"wp:attachment":[{"href":"https:\/\/www.radioluna.it\/news\/wp-json\/wp\/v2\/media?parent=349055"}],"wp:term":[{"taxonomy":"category","embeddable":true,"href":"https:\/\/www.radioluna.it\/news\/wp-json\/wp\/v2\/categories?post=349055"},{"taxonomy":"post_tag","embeddable":true,"href":"https:\/\/www.radioluna.it\/news\/wp-json\/wp\/v2\/tags?post=349055"}],"curies":[{"name":"wp","href":"https:\/\/api.w.org\/{rel}","templated":true}]}}