{"id":349073,"date":"2024-03-26T13:44:19","date_gmt":"2024-03-26T12:44:19","guid":{"rendered":"https:\/\/www.radioluna.it\/news\/?p=349073"},"modified":"2024-03-26T15:02:39","modified_gmt":"2024-03-26T14:02:39","slug":"latina-il-calendario-delle-celebrazioni-per-la-settimana-santa","status":"publish","type":"post","link":"https:\/\/www.radioluna.it\/news\/2024\/03\/latina-il-calendario-delle-celebrazioni-per-la-settimana-santa\/","title":{"rendered":"Latina, il calendario delle celebrazioni per la Settimana Santa\u00a0"},"content":{"rendered":"<div id=\"fb-root\"><\/div>\n<p style=\"text-align: justify;\"><strong>LATINA &#8211;<\/strong>\u00a0Con la Domenica delle Palme e della Passione del Signore \u00e8 iniziata la Settimana Santa, ricca di riti, che vede il vescovo Mariano Crociata presiedere le celebrazioni in cattedrale e nelle concattedrali (ieri a Sezze), secondo il seguente calendario:<\/p>\n<p style=\"text-align: justify;\">&#8211; Mercoled\u00ec Santo, ore 17,30, nella Cattedrale di S. Marco la Messa Crismale, concelebrata con tutti i presbiteri e diaconi residenti in Diocesi.<\/p>\n<p style=\"text-align: justify;\">&#8211; Gioved\u00ec Santo, ore 17.00, nella Concattedrale di S. Maria, a Priverno, sar\u00e0 celebrata la Messa In Coena Domini.<\/p>\n<p style=\"text-align: justify;\">&#8211; Venerd\u00ec Santo, ore 18.00, nella Cattedrale di S. Marco, Azione liturgica della Passione del Signore. Invece, la sera alle 21.15, a Latina, sempre il Vescovo Crociata guider\u00e0 la Via Crucis cittadina, con partenza dalla chiesa del Sacro Cuore e arrivo alla Cattedrale di S. Marco.<\/p>\n<p style=\"text-align: justify;\">&#8211; Sabato Santo, ore 22.30, nella Cattedrale di S. Marco la Veglia Pasquale.<\/p>\n<p style=\"text-align: justify;\">&#8211; Domenica di Risurrezione, ore 10.00, nella concattedrale di S. Cesareo, a Terracina, per la Messa del Giorno.<\/p>\n<p style=\"text-align: justify;\"><strong>VENERDI&#8217; SANTO<\/strong> &#8211; Circa il Venerd\u00ec Santo, \u00e8 tradizione la Via Crucis cittadina. Oltre Latina, a Terracina si terr\u00e0 alle 19.00 con partenza dalla Chiesa del Purgatorio; a Priverno, alle ore 20.30, partendo dalla Concattedrale di Santa Maria; a Cisterna, si inizia alle 20.30 partendo da San Francesco per arrivare alla Chiesa di Santa Maria Assunta. A Sezze, invece, la Via Crucis delle parrocchie cittadine, per ragioni organizzative, si \u00e8 tenuta ieri sera con partenza dalla chiesa di San Pietro.<\/p>\n<p>&nbsp;<\/p>\n","protected":false},"excerpt":{"rendered":"<p>LATINA &#8211;\u00a0Con la Domenica delle Palme e della Passione del Signore \u00e8 iniziata la Settimana Santa, ricca di riti, che vede il vescovo Mariano Crociata presiedere le celebrazioni in cattedrale e nelle concattedrali (ieri a Sezze), secondo il seguente calendario: &#8211; Mercoled\u00ec Santo, ore 17,30, nella Cattedrale di S. Marco la Messa Crismale, concelebrata con [&hellip;]<\/p>\n","protected":false},"author":60,"featured_media":328487,"comment_status":"open","ping_status":"open","sticky":false,"template":"","format":"standard","meta":{"footnotes":""},"categories":[16,734],"tags":[],"class_list":["post-349073","post","type-post","status-publish","format-standard","has-post-thumbnail","hentry","category-appuntamenti","category-evidenza"],"_links":{"self":[{"href":"https:\/\/www.radioluna.it\/news\/wp-json\/wp\/v2\/posts\/349073","targetHints":{"allow":["GET"]}}],"collection":[{"href":"https:\/\/www.radioluna.it\/news\/wp-json\/wp\/v2\/posts"}],"about":[{"href":"https:\/\/www.radioluna.it\/news\/wp-json\/wp\/v2\/types\/post"}],"author":[{"embeddable":true,"href":"https:\/\/www.radioluna.it\/news\/wp-json\/wp\/v2\/users\/60"}],"replies":[{"embeddable":true,"href":"https:\/\/www.radioluna.it\/news\/wp-json\/wp\/v2\/comments?post=349073"}],"version-history":[{"count":1,"href":"https:\/\/www.radioluna.it\/news\/wp-json\/wp\/v2\/posts\/349073\/revisions"}],"predecessor-version":[{"id":349074,"href":"https:\/\/www.radioluna.it\/news\/wp-json\/wp\/v2\/posts\/349073\/revisions\/349074"}],"wp:featuredmedia":[{"embeddable":true,"href":"https:\/\/www.radioluna.it\/news\/wp-json\/wp\/v2\/media\/328487"}],"wp:attachment":[{"href":"https:\/\/www.radioluna.it\/news\/wp-json\/wp\/v2\/media?parent=349073"}],"wp:term":[{"taxonomy":"category","embeddable":true,"href":"https:\/\/www.radioluna.it\/news\/wp-json\/wp\/v2\/categories?post=349073"},{"taxonomy":"post_tag","embeddable":true,"href":"https:\/\/www.radioluna.it\/news\/wp-json\/wp\/v2\/tags?post=349073"}],"curies":[{"name":"wp","href":"https:\/\/api.w.org\/{rel}","templated":true}]}}