{"id":349295,"date":"2024-03-28T15:06:37","date_gmt":"2024-03-28T14:06:37","guid":{"rendered":"https:\/\/www.radioluna.it\/news\/?p=349295"},"modified":"2024-04-03T08:04:44","modified_gmt":"2024-04-03T06:04:44","slug":"asl-latina-cenciarelli-lattivita-si-focalizzera-sulla-dignita-dei-pazienti-e-degli-operatori-sanitari","status":"publish","type":"post","link":"https:\/\/www.radioluna.it\/news\/2024\/03\/asl-latina-cenciarelli-lattivita-si-focalizzera-sulla-dignita-dei-pazienti-e-degli-operatori-sanitari\/","title":{"rendered":"Asl Latina, Cenciarelli: &#8220;L&#8217;attivit\u00e0 si focalizzer\u00e0 sulla dignit\u00e0 dei pazienti e degli operatori sanitari&#8221;"},"content":{"rendered":"<div id=\"fb-root\"><\/div>\n<p><em>(nella foto da sn la Dg Cavalli con la sindaca Celentano e l&#8217;attuale commissaria Cenciarelli)\u00a0<\/em><\/p>\n<p style=\"text-align: justify;\"><strong>LATINA<\/strong> &#8211; &#8220;L&#8217;attivit\u00e0 si focalizzer\u00e0 sulla dignit\u00e0 dei pazienti e degli operatori sanitari&#8221;.\u00a0 Sono le prime parole della neo commissaria della Asl di Latina Sabrina Cenciarelli. In una nota, a ventiquattr&#8217;ore dall&#8217;ufficializzazione dell&#8217;incarico da parte del Presidente della Regione Lazio Francesco Rocca, la gi\u00e0 direttrice amministrativa, ringrazia il Governatore e il Direttore Salute Andrea Urbani ed esprime &#8220;un pensiero di gratitudine alla Dottoressa Silvia Cavalli e al Dott. Sergio Parrocchia, con i quali abbiamo svolto un lavoro intenso in anni difficili per la salute pubblica&#8221;.<\/p>\n<p style=\"text-align: justify;\">Cenciarelli ricorda poi gli impegni e le sfide che la Asl di Latina si trover\u00e0 a fronteggiare: &#8220;La nostra Azienda sar\u00e0 chiamata a gestire risorse rilevanti, dal P.N.R.R. al Giubileo 2025. Manterremo al centro della nostra attivit\u00e0, la programmazione, sviluppando ulteriormente la rete tra le strutture ospedaliere e la sanit\u00e0 del territorio, oltre a lavorare per la realizzazione di nuove e moderne strutture sanitarie. L&#8217;innovazione, la digitalizzazione e gli investimenti in alta tecnologia saranno i punti di forza della nostra azione&#8221;.<\/p>\n<p style=\"text-align: justify;\">Un passaggio nel segno della continuit\u00e0 quello tra la direttrice generale Cavalli, ora Commissaria della Asl Roma 5, e Cenciarelli che hanno lavorato sin dalla pandemia fianco a fianco. Un nome che era circolato subito, salvo poi la battuta d&#8217;arresto pochi giorni fa. Superati i veti incrociati della politica, Rocca ha poi potuto procedere alla nomina.<\/p>\n<p style=\"text-align: justify;\">Con una nota ufficiale, la sindaca di Latina Matilde Celentano ha voluto esprimere il suo compiacimento: \u201cLe mie congratulazioni alla dottoressa Sabrina Cenciarelli per la nomina a commissario straordinario della Asl di Latina. Ottima scelta del presidente della Regione Lazio Francesco Rocca &#8211; vi si legge &#8211;\u00a0Ho gi\u00e0 avuto modo di apprezzare la dottoressa Cenciarelli in qualit\u00e0 di direttore amministrativo dell\u2019azienda sanitaria pontina, soprattutto in questi mesi che, in qualit\u00e0 di sindaco del capoluogo, mi vedono alla guida della conferenza dei sindaci per la Sanit\u00e0 della provincia di Latina. Ottime le sue doti manageriali; \u00e8 ci\u00f2 che occorre per affrontare le grandi sfide di cambiamento della sanit\u00e0 che Rocca sta mettendo in campo soprattutto per il nostro territorio. Sfide immediate, grazie ai fondi del Pnrr e per il Giubileo, grazie all\u2019ampliamento del pronto soccorso del Goretti e dell\u2019aumento dei posti letto nei presidi ospedalieri della nostra provincia; sfide a lungo periodo come la realizzazione dei nuovi ospedali di Latina e del Golfo. Il presidente Rocca, con l\u2019incarico conferito alla dottoressa Cenciarelli ha mostrato ancora una volta l\u2019attenzione al nostro territorio, scegliendo la persona giusta di alto profilo professionale e in grado di dare continuit\u00e0 anche al lavoro sfolto dalla dottoressa Silvia Cavalli, ora alla guida della Asl Roma 5 come commissario straordinario in attesa delle nomine dei nuovi direttori generali\u201d.<\/p>\n<p style=\"text-align: justify;\">\n","protected":false},"excerpt":{"rendered":"<p>(nella foto da sn la Dg Cavalli con la sindaca Celentano e l&#8217;attuale commissaria Cenciarelli)\u00a0 LATINA &#8211; &#8220;L&#8217;attivit\u00e0 si focalizzer\u00e0 sulla dignit\u00e0 dei pazienti e degli operatori sanitari&#8221;.\u00a0 Sono le prime parole della neo commissaria della Asl di Latina Sabrina Cenciarelli. In una nota, a ventiquattr&#8217;ore dall&#8217;ufficializzazione dell&#8217;incarico da parte del Presidente della Regione Lazio [&hellip;]<\/p>\n","protected":false},"author":62,"featured_media":331547,"comment_status":"open","ping_status":"open","sticky":false,"template":"","format":"standard","meta":{"footnotes":""},"categories":[2616],"tags":[],"class_list":["post-349295","post","type-post","status-publish","format-standard","has-post-thumbnail","hentry","category-sanita"],"_links":{"self":[{"href":"https:\/\/www.radioluna.it\/news\/wp-json\/wp\/v2\/posts\/349295","targetHints":{"allow":["GET"]}}],"collection":[{"href":"https:\/\/www.radioluna.it\/news\/wp-json\/wp\/v2\/posts"}],"about":[{"href":"https:\/\/www.radioluna.it\/news\/wp-json\/wp\/v2\/types\/post"}],"author":[{"embeddable":true,"href":"https:\/\/www.radioluna.it\/news\/wp-json\/wp\/v2\/users\/62"}],"replies":[{"embeddable":true,"href":"https:\/\/www.radioluna.it\/news\/wp-json\/wp\/v2\/comments?post=349295"}],"version-history":[{"count":4,"href":"https:\/\/www.radioluna.it\/news\/wp-json\/wp\/v2\/posts\/349295\/revisions"}],"predecessor-version":[{"id":349299,"href":"https:\/\/www.radioluna.it\/news\/wp-json\/wp\/v2\/posts\/349295\/revisions\/349299"}],"wp:featuredmedia":[{"embeddable":true,"href":"https:\/\/www.radioluna.it\/news\/wp-json\/wp\/v2\/media\/331547"}],"wp:attachment":[{"href":"https:\/\/www.radioluna.it\/news\/wp-json\/wp\/v2\/media?parent=349295"}],"wp:term":[{"taxonomy":"category","embeddable":true,"href":"https:\/\/www.radioluna.it\/news\/wp-json\/wp\/v2\/categories?post=349295"},{"taxonomy":"post_tag","embeddable":true,"href":"https:\/\/www.radioluna.it\/news\/wp-json\/wp\/v2\/tags?post=349295"}],"curies":[{"name":"wp","href":"https:\/\/api.w.org\/{rel}","templated":true}]}}