{"id":349316,"date":"2024-03-28T17:02:36","date_gmt":"2024-03-28T16:02:36","guid":{"rendered":"https:\/\/www.radioluna.it\/news\/?p=349316"},"modified":"2024-03-28T17:10:37","modified_gmt":"2024-03-28T16:10:37","slug":"349316","status":"publish","type":"post","link":"https:\/\/www.radioluna.it\/news\/2024\/03\/349316\/","title":{"rendered":"Energie rinnovabili, un posticino per Latina, 3\u00b0 per potenza fotovoltaica installata"},"content":{"rendered":"<div id=\"fb-root\"><\/div>\n<p style=\"text-align: justify;\"><strong>LATINA<\/strong> &#8211; Anche la provincia di Latina si ritaglia un piccolo spazio tra i comuni avviati verso buone pratiche energetiche anche se il cammino da fare per il Lazio e i suoi territori \u00e8 ancora lungo. E&#8217; emerso al Terzo Forum Energia del Lazio di Legambiente durante il quale \u00e8 stato presentato il \u201cDossier Energie Rinnovabili nel Lazio 2024\u201d (dati GSE 2022). Il posto conquistato dalla provincia pontina riguarda la &#8220;potenza fotovoltaica complessivamente installata&#8221;, ambito in cui sul podio regionale c\u2019\u00e8 in testa Roma, seguita da Montalto di Castro (VT) e Latina.<\/p>\n<p style=\"text-align: justify;\">Secondo il rapporto di Legambiente, nel Lazio la produzione, \u00e8 stata di 13.643 GWh (poco pi\u00f9 del 5% della produzione nazionale): \u00e8 ancora lontana la quota di energia richiesta dai consumi nella stessa regione che ammonta invece a 23.002 GWh, 3.735 kWh per abitante all\u2019anno: nel Lazio si produce quindi il 40,7% dell\u2019energia che si consuma. Rispetto al totale dell\u2019energia prodotta solo il 20,7% proviene da fonti rinnovabili, pari a 2.974 GWh. Nel 2022 il fotovoltaico ha generato il 70% dell\u2019energia elettrica da fonti rinnovabili, con 2.082 GWh\/anno, mentre l\u2019idroelettrico si \u00e8 fermato al 25% con 753 GWh\/anno e l\u2019eolico a 139 GWh\/anno, pari al 4,6% del totale. La regione Lazio continua a dipendere dalle fonti fossili per gran parte della sua produzione, da combustibili fossili arrivano infatti 11.418 GWh, con un impatto totale di 7.85 milioni di tonnellate di CO2 equivalenti. Sul fronte dei consumi, il 44% del totale, per quasi 9 mila GWh, avviene nel settore dei Servizi il 32.7% nel Domestico, il 21.6% nell\u2019Industria e il restante 1.6% nel settore Agricolo.<\/p>\n<p style=\"text-align: justify;\">\u201cIl Lazio \u00e8 nettamente in ritardo sulla Transizione Energetica e la produzione da Fonti Rinnovabili risulta ancora di bassa quantit\u00e0, rispetto a quella del fossile &#8211; dichiara Roberto Scacchi presidente di Legambiente Lazio &#8211; in un territorio dove si genera peraltro molta meno energia di quanta se ne utilizza. Invece di moratorie contro le rinnovabili o contrasti alla loro diffusione che troppo spesso arrivano dalle amministrazioni e dai territori, si deve spingere sull\u2019acceleratore, rilasciando autorizzazioni e consentendo la produzione di energia pulita, altrimenti rimarranno una chimera gli obiettivi di decarbonizzazione e azzeramento delle emissioni. Non possiamo quindi che sostenere i progetti presentati e esprimere soddisfazione ogni volta che uno di loro fa un passo in avanti verso la costruzione, come avvenuto nelle scorse ore per il progetto di eolico a largo di Civitavecchia, e continuiamo a premiare quei luoghi che mostrano cosa va fatto, con pannelli di silicio, torri eoliche, agrivoltaico, comunit\u00e0 energetiche e tutto il mix di produzione diffusa\u201d.<\/p>\n<p style=\"text-align: justify;\">Tra i Comuni \u00e8 Viterbo il 1\u00b0 del Lazio (3\u00b0 in Italia) per nuove fonti energetiche rinnovabili installate nell\u2019ultimo anno, con 78.409,38 kW. Per il solo Fotovoltaico, nello stesso periodo, in testa c\u2019\u00e8 ancora Viterbo, seguita da Montalto di Castro (VT) e Roma, tutti e 3 risultano anche tra i primi 10 comuni nazionali (per fotovoltaico installato in un anno).<\/p>\n<p style=\"text-align: justify;\">I Comuni dell\u2019eolico nel Lazio sono 33, per una potenza installata complessiva di 75.1 MW. Piansano (VT) presenta la maggior potenza installa con 42 MW di eolico, seguito da Arlena di Castro (VT) e Tessenno (FR) rispettivamente con 11,3 e 9 MW.<\/p>\n<p style=\"text-align: justify;\">I comuni nel Lazio dove invece \u00e8 installata la maggior potenza nominale di energia idroelettrica sono Cittaducale (RI) con 54.500 kW, Salisano (RI) con 24.570 kW e Gallese (VT) \u00a0con 21.377 kW.<\/p>\n<p style=\"text-align: justify;\">\u201cAnche il Lazio deve fare la sua parte nella trasformazione della produzione energetica, per abbattere le emissioni climalteranti e permetterci di dire la parola fine all\u2019era del fossile in Italia &#8211; commenta Stefano Ciafani presidente nazionale di Legambiente -. Senza alcun dubbio, dall\u2019agrivoltaico alle pale eoliche, dai pannelli solari alla geotermia e l\u2019idroelettrico, su tutti i territori ci sono possibilit\u00e0 di generazione energetica pulita che vanno concretizzati, molto di pi\u00f9 di fatto fino ad ora. Oggi pi\u00f9 che mai c\u2019\u00e8 bisogno di scatenare le rinnovabili, perch\u00e8 siano volano concreto di sviluppo sostenibile e ricchezza per le comunit\u00e0, fermando impedimenti a partire dalle terribili lungaggini autorizzate e cambiando in meglio il paesaggio, prima che venga stravolto dall\u2019impatto dei mutamenti climatici,\u201d.<\/p>\n<p style=\"text-align: justify;\">I Comuni premiati da Legambiente Lazio sono stati:<br \/>\n&#8211; Calcata, Canale Monterano, Oriolo Romano per l\u2019impegno nel progetto BeCome verso la realizzazione di comunit\u00e0 energetiche rinnovabili.<br \/>\n&#8211; Viterbo, Montalto di Castro e Roma, per l\u2019aumento di produzione da Fotovoltaico.<br \/>\n&#8211; Menzioni speciali anche a Civitavecchia\u00a0per i programmi di decarbonizzazione e al VI Municipio\u00a0di Roma per il progetto di parco solare nell\u2019area delle Torri.<\/p>\n<p>&nbsp;<\/p>\n<div class=\"radio-posizionamento-telefono-in-articoli-dopo-il-contenuto-articolo radio-entity-placement\" id=\"radio-3352934973\"><div id=\"radio-1426896977\" style=\"width: 300px;height: 250px;\"><a href=\"https:\/\/www.icarspa.it\/auto\/usate\/latina\/\" aria-label=\"banner aprile icar new life &#8211; auto usate latina\"><img loading=\"lazy\" decoding=\"async\" src=\"https:\/\/www.radioluna.it\/news\/wp-content\/uploads\/2026\/02\/banner-aprile-icar-new-life-auto-usate-latina.gif\" alt=\"\"  width=\"300\" height=\"250\"   \/><\/a><\/div><\/div>","protected":false},"excerpt":{"rendered":"<p>LATINA &#8211; Anche la provincia di Latina si ritaglia un piccolo spazio tra i comuni avviati verso buone pratiche energetiche anche se il cammino da fare per il Lazio e i suoi territori \u00e8 ancora lungo. E&#8217; emerso al Terzo Forum Energia del Lazio di Legambiente durante il quale \u00e8 stato presentato il \u201cDossier Energie [&hellip;]<\/p>\n","protected":false},"author":60,"featured_media":349317,"comment_status":"open","ping_status":"open","sticky":false,"template":"","format":"standard","meta":{"footnotes":""},"categories":[12,2428],"tags":[],"class_list":["post-349316","post","type-post","status-publish","format-standard","has-post-thumbnail","hentry","category-ambiente","category-primo-piano"],"_links":{"self":[{"href":"https:\/\/www.radioluna.it\/news\/wp-json\/wp\/v2\/posts\/349316","targetHints":{"allow":["GET"]}}],"collection":[{"href":"https:\/\/www.radioluna.it\/news\/wp-json\/wp\/v2\/posts"}],"about":[{"href":"https:\/\/www.radioluna.it\/news\/wp-json\/wp\/v2\/types\/post"}],"author":[{"embeddable":true,"href":"https:\/\/www.radioluna.it\/news\/wp-json\/wp\/v2\/users\/60"}],"replies":[{"embeddable":true,"href":"https:\/\/www.radioluna.it\/news\/wp-json\/wp\/v2\/comments?post=349316"}],"version-history":[{"count":3,"href":"https:\/\/www.radioluna.it\/news\/wp-json\/wp\/v2\/posts\/349316\/revisions"}],"predecessor-version":[{"id":349320,"href":"https:\/\/www.radioluna.it\/news\/wp-json\/wp\/v2\/posts\/349316\/revisions\/349320"}],"wp:featuredmedia":[{"embeddable":true,"href":"https:\/\/www.radioluna.it\/news\/wp-json\/wp\/v2\/media\/349317"}],"wp:attachment":[{"href":"https:\/\/www.radioluna.it\/news\/wp-json\/wp\/v2\/media?parent=349316"}],"wp:term":[{"taxonomy":"category","embeddable":true,"href":"https:\/\/www.radioluna.it\/news\/wp-json\/wp\/v2\/categories?post=349316"},{"taxonomy":"post_tag","embeddable":true,"href":"https:\/\/www.radioluna.it\/news\/wp-json\/wp\/v2\/tags?post=349316"}],"curies":[{"name":"wp","href":"https:\/\/api.w.org\/{rel}","templated":true}]}}