{"id":349327,"date":"2024-03-29T06:11:41","date_gmt":"2024-03-29T05:11:41","guid":{"rendered":"https:\/\/www.radioluna.it\/news\/?p=349327"},"modified":"2024-05-04T08:29:37","modified_gmt":"2024-05-04T06:29:37","slug":"maenza-palcoscenico-allaperto-per-la-sacra-rappresentazione-del-venerdi-santo","status":"publish","type":"post","link":"https:\/\/www.radioluna.it\/news\/2024\/03\/maenza-palcoscenico-allaperto-per-la-sacra-rappresentazione-del-venerdi-santo\/","title":{"rendered":"Maenza palcoscenico all&#8217;aperto per la Sacra Rappresentazione del Venerd\u00ec Santo"},"content":{"rendered":"<div id=\"fb-root\"><\/div>\n<p style=\"text-align: justify;\"><strong>MAENZA<\/strong> &#8211; La Passione di Cristo rivive a Maenza dove\u00a0l&#8217;Associazione Sacra Rappresentazione del Venerd\u00ec Santo porta avanti una tradizione secolare, appuntamento per la comunit\u00e0 e per i numerosi visitatori. Sotto la guida del Presidente Roberto Ciccateri e del direttivo dell&#8217;Associazione Sacra Rappresentazione del Venerd\u00ec Santo di Maenza, in tanti sono al lavoro gi\u00e0 da tempo: ogni dettaglio \u00e8 stato curato con attenzione, dalle armature alle calzature, tutti i preziosi costumi, frutto dell&#8217;abile artigianato di Benito Trichei, sono stati rassettati e preparati per brillare sotto i riflettori della notte di Venerd\u00ec Santo. Pier Giulio Cantarano cura la recitazione, mentre Gianluca Cappelletti \u00e8 il Lighting Designer dell&#8217;evento.<\/p>\n<p style=\"text-align: justify;\">&#8220;La rappresentazione segue le orme del compianto regista Riccardo Loccia e rimane fedele alla visione del suo ideatore, Padre Roberto Fastella, garantendo cos\u00ec la continuit\u00e0 di uno spettacolo che ha toccato il cuore di generazioni&#8221;, spiegano gli organizzatori in\u00a0 una nota.<\/p>\n<p style=\"text-align: justify;\"><strong>IL PERCORSO<\/strong> &#8211; Il percorso della rappresentazione, lungo 3,5 km, si snoda attraverso le vie e le piazze di Maenza, trasformando il borgo in un palcoscenico: Dall&#8217;ultima cena in piazzale San Rocco, passando per l&#8217;orto degli Ulivi, fino alla crocifissione in piazza Lepri, ogni tappa \u00e8 stata scelta per la sua capacit\u00e0 di immergere gli spettatori nella narrazione, facendo loro vivere da vicino le emozioni della Passione.<\/p>\n<p style=\"text-align: justify;\">\u201cL&#8217;Associazione Sacra Rappresentazione del Venerd\u00ec Santo di Maenza non si limita alla sola organizzazione dell&#8217;evento \u2013 dichiara il presidente Ciccateri &#8211; ma si impegna durante tutto l&#8217;anno in attivit\u00e0 culturali e sociali, promuovendo valori di solidariet\u00e0 e condivisione che trovano il loro culmine nella rappresentazione della Passione. Questo evento diventa cos\u00ec un momento di aggregazione e di rinnovamento spirituale per l&#8217;intera comunit\u00e0, un&#8217;occasione per riflettere sui valori universali dell&#8217;amore e del sacrificio.\u201d<\/p>\n<p style=\"text-align: justify;\"><strong>L&#8217;APPUNTAMENTO\u00a0<\/strong> &#8211; L&#8217;appuntamento a Maenza \u00e8 per venerd\u00ec 29 marzo alle 20, 45: &#8220;Il borgo si trasformer\u00e0 nuovamente in un luogo di meditazione e di riflessione, dove la storia si intreccia con la fede e la comunit\u00e0 si unisce per ricordare e onorare il sacrificio di Cristo &#8211; dicono dall&#8217;Associazione Sacra Rappresentazione &#8211;\u00a0 ogni angolo di Maenza\u00a0 si carica di significati profondi, invitando residenti e visitatori a un viaggio collettivo verso la riscoperta dei valori universali&#8221;.<\/p>\n<p>&nbsp;<\/p>\n<p>&nbsp;<\/p>\n<p>&nbsp;<\/p>\n","protected":false},"excerpt":{"rendered":"<p>MAENZA &#8211; La Passione di Cristo rivive a Maenza dove\u00a0l&#8217;Associazione Sacra Rappresentazione del Venerd\u00ec Santo porta avanti una tradizione secolare, appuntamento per la comunit\u00e0 e per i numerosi visitatori. Sotto la guida del Presidente Roberto Ciccateri e del direttivo dell&#8217;Associazione Sacra Rappresentazione del Venerd\u00ec Santo di Maenza, in tanti sono al lavoro gi\u00e0 da tempo: [&hellip;]<\/p>\n","protected":false},"author":62,"featured_media":349328,"comment_status":"open","ping_status":"open","sticky":false,"template":"","format":"standard","meta":{"footnotes":""},"categories":[16],"tags":[],"class_list":["post-349327","post","type-post","status-publish","format-standard","has-post-thumbnail","hentry","category-appuntamenti"],"_links":{"self":[{"href":"https:\/\/www.radioluna.it\/news\/wp-json\/wp\/v2\/posts\/349327","targetHints":{"allow":["GET"]}}],"collection":[{"href":"https:\/\/www.radioluna.it\/news\/wp-json\/wp\/v2\/posts"}],"about":[{"href":"https:\/\/www.radioluna.it\/news\/wp-json\/wp\/v2\/types\/post"}],"author":[{"embeddable":true,"href":"https:\/\/www.radioluna.it\/news\/wp-json\/wp\/v2\/users\/62"}],"replies":[{"embeddable":true,"href":"https:\/\/www.radioluna.it\/news\/wp-json\/wp\/v2\/comments?post=349327"}],"version-history":[{"count":1,"href":"https:\/\/www.radioluna.it\/news\/wp-json\/wp\/v2\/posts\/349327\/revisions"}],"predecessor-version":[{"id":349333,"href":"https:\/\/www.radioluna.it\/news\/wp-json\/wp\/v2\/posts\/349327\/revisions\/349333"}],"wp:featuredmedia":[{"embeddable":true,"href":"https:\/\/www.radioluna.it\/news\/wp-json\/wp\/v2\/media\/349328"}],"wp:attachment":[{"href":"https:\/\/www.radioluna.it\/news\/wp-json\/wp\/v2\/media?parent=349327"}],"wp:term":[{"taxonomy":"category","embeddable":true,"href":"https:\/\/www.radioluna.it\/news\/wp-json\/wp\/v2\/categories?post=349327"},{"taxonomy":"post_tag","embeddable":true,"href":"https:\/\/www.radioluna.it\/news\/wp-json\/wp\/v2\/tags?post=349327"}],"curies":[{"name":"wp","href":"https:\/\/api.w.org\/{rel}","templated":true}]}}