{"id":349489,"date":"2024-04-02T18:20:06","date_gmt":"2024-04-02T16:20:06","guid":{"rendered":"https:\/\/www.radioluna.it\/news\/?p=349489"},"modified":"2024-05-04T08:28:02","modified_gmt":"2024-05-04T06:28:02","slug":"food-for-profit-proiezione-e-dibattito-al-cinema-corso-di-latina","status":"publish","type":"post","link":"https:\/\/www.radioluna.it\/news\/2024\/04\/food-for-profit-proiezione-e-dibattito-al-cinema-corso-di-latina\/","title":{"rendered":"Food for Profit, proiezione e dibattito al Cinema Corso di Latina"},"content":{"rendered":"<div id=\"fb-root\"><\/div>\n<p style=\"text-align: justify;\"><img loading=\"lazy\" decoding=\"async\" class=\"wp-image-349491 alignleft\" src=\"https:\/\/www.radioluna.it\/news\/wp-content\/uploads\/2024\/04\/FOOD.jpg\" alt=\"\" width=\"273\" height=\"342\" \/><strong>LATINA<\/strong> &#8211; Un gruppo di studenti del Liceo Classico Dante Alighieri di Latina ha organizzato la proiezione di Food for profit,\u00a0 il documentario indipendente di\u00a0 Pablo D&#8217;Ambrosi e \u00a0Giulia Innocenzi che sta girando l&#8217;Italia dal basso. Partendo dagli allevamenti intensivi\u00a0 in Italia, come in Spagna e Germania, evidenzia grazie all&#8217;iuto di una squadra di esperti internazionali, gli effetti nefasti sull&#8217;ambiente e sulla salute umana di questa pratica : inquinamento delle acque, sfruttamento dei migranti, perdita di biodiversit\u00e0 e antibiotico resistenza.<\/p>\n<p style=\"text-align: justify;\">L&#8217;appuntamento \u00e8 al Cinema Corso alle 20,30 di mercoled\u00ec 3 aprile.<\/p>\n<p style=\"text-align: justify;\">&#8220;E&#8217; un argomento di cui si parla troppo poco e che invece \u00e8 importante conoscere&#8221;,\u00a0 dice Leonardo Ruggeri tra i promotori dell&#8217;iniziativa e che con la studentessa Jasmine Ottone condurr\u00e0 il dibattito dopo la visione del film. Interverranno come relatori Arianna Fraccon e Violetta Canitano, dell\u2019associazione @capraliberatutti, e Maria Beatrice Fois, attivista.<\/p>\n<p style=\"text-align: justify;\">&#8220;Essere presenti mercoled\u00ec, significa cogliere l\u2019opportunit\u00e0 di poter osservare una dura realt\u00e0 che spesso non si ha il coraggio di mostrare, acquisire maggior consapevolezza di ci\u00f2 che si cela dietro il settore agroalimentare; consapevolezza che tutti dovrebbero avere per decifrare e comprendere la complessit\u00e0 e la connessione con un pianeta vivente di cui noi siamo parte&#8221;, aggiungono gli organizzatori.<\/p>\n<div class=\"radio-posizionamento-telefono-in-articoli-dopo-il-contenuto-articolo radio-entity-placement\" id=\"radio-2038728075\"><div id=\"radio-754736370\" style=\"width: 300px;height: 250px;\"><a href=\"https:\/\/www.icarspa.it\/auto\/usate\/latina\/\" aria-label=\"banner aprile icar new life &#8211; auto usate latina\"><img loading=\"lazy\" decoding=\"async\" src=\"https:\/\/www.radioluna.it\/news\/wp-content\/uploads\/2026\/02\/banner-aprile-icar-new-life-auto-usate-latina.gif\" alt=\"\"  width=\"300\" height=\"250\"   \/><\/a><\/div><\/div>","protected":false},"excerpt":{"rendered":"<p>LATINA &#8211; Un gruppo di studenti del Liceo Classico Dante Alighieri di Latina ha organizzato la proiezione di Food for profit,\u00a0 il documentario indipendente di\u00a0 Pablo D&#8217;Ambrosi e \u00a0Giulia Innocenzi che sta girando l&#8217;Italia dal basso. Partendo dagli allevamenti intensivi\u00a0 in Italia, come in Spagna e Germania, evidenzia grazie all&#8217;iuto di una squadra di esperti [&hellip;]<\/p>\n","protected":false},"author":62,"featured_media":349490,"comment_status":"open","ping_status":"open","sticky":false,"template":"","format":"standard","meta":{"footnotes":""},"categories":[16],"tags":[],"class_list":["post-349489","post","type-post","status-publish","format-standard","has-post-thumbnail","hentry","category-appuntamenti"],"_links":{"self":[{"href":"https:\/\/www.radioluna.it\/news\/wp-json\/wp\/v2\/posts\/349489","targetHints":{"allow":["GET"]}}],"collection":[{"href":"https:\/\/www.radioluna.it\/news\/wp-json\/wp\/v2\/posts"}],"about":[{"href":"https:\/\/www.radioluna.it\/news\/wp-json\/wp\/v2\/types\/post"}],"author":[{"embeddable":true,"href":"https:\/\/www.radioluna.it\/news\/wp-json\/wp\/v2\/users\/62"}],"replies":[{"embeddable":true,"href":"https:\/\/www.radioluna.it\/news\/wp-json\/wp\/v2\/comments?post=349489"}],"version-history":[{"count":2,"href":"https:\/\/www.radioluna.it\/news\/wp-json\/wp\/v2\/posts\/349489\/revisions"}],"predecessor-version":[{"id":349522,"href":"https:\/\/www.radioluna.it\/news\/wp-json\/wp\/v2\/posts\/349489\/revisions\/349522"}],"wp:featuredmedia":[{"embeddable":true,"href":"https:\/\/www.radioluna.it\/news\/wp-json\/wp\/v2\/media\/349490"}],"wp:attachment":[{"href":"https:\/\/www.radioluna.it\/news\/wp-json\/wp\/v2\/media?parent=349489"}],"wp:term":[{"taxonomy":"category","embeddable":true,"href":"https:\/\/www.radioluna.it\/news\/wp-json\/wp\/v2\/categories?post=349489"},{"taxonomy":"post_tag","embeddable":true,"href":"https:\/\/www.radioluna.it\/news\/wp-json\/wp\/v2\/tags?post=349489"}],"curies":[{"name":"wp","href":"https:\/\/api.w.org\/{rel}","templated":true}]}}