{"id":349653,"date":"2024-04-04T10:26:27","date_gmt":"2024-04-04T08:26:27","guid":{"rendered":"https:\/\/www.radioluna.it\/news\/?p=349653"},"modified":"2024-04-04T10:26:27","modified_gmt":"2024-04-04T08:26:27","slug":"egato-4-elegge-tre-nuovi-componenti-dellufficio-di-presidenza","status":"publish","type":"post","link":"https:\/\/www.radioluna.it\/news\/2024\/04\/egato-4-elegge-tre-nuovi-componenti-dellufficio-di-presidenza\/","title":{"rendered":"Egato 4 elegge tre nuovi componenti dell\u2019Ufficio di Presidenza"},"content":{"rendered":"<div id=\"fb-root\"><\/div>\n<p style=\"text-align: justify;\"><strong>LATINA &#8211;<\/strong> Sono stati eletti, durante la Conferenza dei Sindaci tenuta gioved\u00ec 28 marzo, tre nuovi componenti per l\u2019Ufficio di Presidenza di EGATO 4, l\u2019Ente di Governo per il servizio idrico integrato nel territorio pontino. Il voto, svolto lo scorso gioved\u00ec nella sede di Via Costa, ha portato all\u2019elezione di tre comuni della Provincia di Latina: Aprilia, Sabaudia e Terracina. Questi, che si insedieranno nell\u2019Ufficio di Presidenza dell\u2019EGATO a partire dalla prossima riunione del 5 aprile, saranno chiamati a partecipare alle prossime scelte e azioni che riguardano l\u2019Ente. In particolar modo, parteciperanno al dibattito sull\u2019elezione della presidenza e, soprattutto, all\u2019approvazione della nuova proposta di Statuto.<\/p>\n<p style=\"text-align: justify;\">Proprio quest\u2019ultimo punto sar\u00e0 tema centrale della prossima riunione, durante la quale sar\u00e0 istituito un gruppo di lavoro che, nelle settimane a seguire, si impegner\u00e0 a definire una nuova proposta di Statuto che dovr\u00e0 essere presentata e votata dall\u2019intera plenaria.<\/p>\n<p style=\"text-align: justify;\">Il Presidente, Gerardo Stefanelli, oltre ad augurare un buon lavoro ai rappresentati dei comuni eletti, ha voluto esprimere la propria soddisfazione rispetto alle elezioni svolte.<\/p>\n<p style=\"text-align: justify;\">\u201cL&#8217; unanimit\u00e0 del voto espresso \u00e8 il segnale di una volont\u00e0 condivisa che ci permetter\u00e0 di affrontare insieme le grandi trasformazioni del sistema idrico integrato \u2013 ha affermato Stefanelli \u2013. I prossimi saranno mesi fondamentali per il nostro Ente e la sinergia osservata oggi mi fa essere fiducioso rispetto al futuro. Il 5 aprile sar\u00e0 un appuntamento importante non solo per dare il benvenuto ai neoeletti, ma anche per aprire la discussione sul nuovo Statuto e scegliere i rappresentati che porteranno a una proposta di svolta per l\u2019EGATO\u201d.<\/p>\n<p style=\"text-align: justify;\">Durante la riunione del 5 aprile, all\u2019OdG anche l\u2019illustrazione del MTI-4, il nuovo metodo tariffario della durata di sei anni che riguarder\u00e0 l\u2019intero territorio pontino e i suoi utenti.<\/p>\n<p>&nbsp;<\/p>\n<div class=\"radio-posizionamento-telefono-in-articoli-dopo-il-contenuto-articolo radio-entity-placement\" id=\"radio-2528596729\"><div id=\"radio-931493996\"><a href=\"https:\/\/www.simeoneceramiche.com\/\" aria-label=\"SIMEONE CERAMICHE GIF animata per radioluna_Tavola disegno 1 copia 2 (online-video-cutter.com)\"><img loading=\"lazy\" decoding=\"async\" src=\"https:\/\/www.radioluna.it\/news\/wp-content\/uploads\/2025\/05\/SIMEONE-CERAMICHE-GIF-animata-per-radioluna_Tavola-disegno-1-copia-2-online-video-cutter.com_.gif\" alt=\"\"  width=\"300\" height=\"250\"   \/><\/a><\/div><\/div>","protected":false},"excerpt":{"rendered":"<p>LATINA &#8211; Sono stati eletti, durante la Conferenza dei Sindaci tenuta gioved\u00ec 28 marzo, tre nuovi componenti per l\u2019Ufficio di Presidenza di EGATO 4, l\u2019Ente di Governo per il servizio idrico integrato nel territorio pontino. Il voto, svolto lo scorso gioved\u00ec nella sede di Via Costa, ha portato all\u2019elezione di tre comuni della Provincia di [&hellip;]<\/p>\n","protected":false},"author":60,"featured_media":323246,"comment_status":"open","ping_status":"open","sticky":false,"template":"","format":"standard","meta":{"footnotes":""},"categories":[8],"tags":[],"class_list":["post-349653","post","type-post","status-publish","format-standard","has-post-thumbnail","hentry","category-politica"],"_links":{"self":[{"href":"https:\/\/www.radioluna.it\/news\/wp-json\/wp\/v2\/posts\/349653","targetHints":{"allow":["GET"]}}],"collection":[{"href":"https:\/\/www.radioluna.it\/news\/wp-json\/wp\/v2\/posts"}],"about":[{"href":"https:\/\/www.radioluna.it\/news\/wp-json\/wp\/v2\/types\/post"}],"author":[{"embeddable":true,"href":"https:\/\/www.radioluna.it\/news\/wp-json\/wp\/v2\/users\/60"}],"replies":[{"embeddable":true,"href":"https:\/\/www.radioluna.it\/news\/wp-json\/wp\/v2\/comments?post=349653"}],"version-history":[{"count":0,"href":"https:\/\/www.radioluna.it\/news\/wp-json\/wp\/v2\/posts\/349653\/revisions"}],"wp:featuredmedia":[{"embeddable":true,"href":"https:\/\/www.radioluna.it\/news\/wp-json\/wp\/v2\/media\/323246"}],"wp:attachment":[{"href":"https:\/\/www.radioluna.it\/news\/wp-json\/wp\/v2\/media?parent=349653"}],"wp:term":[{"taxonomy":"category","embeddable":true,"href":"https:\/\/www.radioluna.it\/news\/wp-json\/wp\/v2\/categories?post=349653"},{"taxonomy":"post_tag","embeddable":true,"href":"https:\/\/www.radioluna.it\/news\/wp-json\/wp\/v2\/tags?post=349653"}],"curies":[{"name":"wp","href":"https:\/\/api.w.org\/{rel}","templated":true}]}}