{"id":349658,"date":"2024-04-04T14:21:00","date_gmt":"2024-04-04T12:21:00","guid":{"rendered":"https:\/\/www.radioluna.it\/news\/?p=349658"},"modified":"2024-04-23T14:36:50","modified_gmt":"2024-04-23T12:36:50","slug":"pace-ed-economia-se-ne-parla-nel-caffe-a-santa-lucia-a-sezze","status":"publish","type":"post","link":"https:\/\/www.radioluna.it\/news\/2024\/04\/pace-ed-economia-se-ne-parla-nel-caffe-a-santa-lucia-a-sezze\/","title":{"rendered":"Pace ed economia, se ne parla nel caff\u00e8 a Santa Lucia a Sezze"},"content":{"rendered":"<div id=\"fb-root\"><\/div>\n<p>SEZZE &#8211; Si svolger\u00e0 domenica nell&#8217;oratorio della Parrocchia Santa Lucia a Sezze, l&#8217;iniziativa &#8220;Pace e economia&#8221;. L&#8217;appuntamento \u00e8 per le ore 16 e l&#8217;obiettivo \u00e8 quello del dialogo su temi fondamentali come la pace e il messaggio del Papa, in un momento cos\u00ec difficile.<\/p>\n<p>&#8220;Lo scopo del dialogo &#8211; spiega Lucio Planera, che l&#8217;organizza &#8211; \u00e9 quello che si \u00e8 prefisso la parrocchia di Santa Lucia di Sezze, ad iniziare dal parroco, il giovane don Giovanni Grossi, giovane ma dotato di una certa dose di saggezza e di simpatia che lo rendono speciale, e da tutti i parrocchiani&#8221;. Il Caff\u00e8 a Santa Lucia &#8220;Vuole essere un punto di incontro e di confronto costruttivo, aperto a tutti, attorno ad alcune questioni attuali che ci interrogano profondamente&#8221;.<\/p>\n<p>L&#8217;altro obiettivo \u00e9 quello di\u00a0rispondere alle questioni attuali \u2013 come in questo primo incontro. &#8220;L&#8217;analisi parte dalle parole del Papa per arrivare poi a esaminare in particolare quanto sta accadendo in Ucraina&#8221;.<\/p>\n<p>La relazione, molto attenta e puntuale di Lucio Planera, sar\u00e0 letta durante l&#8217;appuntamento.<\/p>\n","protected":false},"excerpt":{"rendered":"<p>SEZZE &#8211; Si svolger\u00e0 domenica nell&#8217;oratorio della Parrocchia Santa Lucia a Sezze, l&#8217;iniziativa &#8220;Pace e economia&#8221;. L&#8217;appuntamento \u00e8 per le ore 16 e l&#8217;obiettivo \u00e8 quello del dialogo su temi fondamentali come la pace e il messaggio del Papa, in un momento cos\u00ec difficile. &#8220;Lo scopo del dialogo &#8211; spiega Lucio Planera, che l&#8217;organizza &#8211; [&hellip;]<\/p>\n","protected":false},"author":60,"featured_media":0,"comment_status":"open","ping_status":"open","sticky":false,"template":"","format":"standard","meta":{"footnotes":""},"categories":[16],"tags":[],"class_list":["post-349658","post","type-post","status-publish","format-standard","hentry","category-appuntamenti"],"_links":{"self":[{"href":"https:\/\/www.radioluna.it\/news\/wp-json\/wp\/v2\/posts\/349658","targetHints":{"allow":["GET"]}}],"collection":[{"href":"https:\/\/www.radioluna.it\/news\/wp-json\/wp\/v2\/posts"}],"about":[{"href":"https:\/\/www.radioluna.it\/news\/wp-json\/wp\/v2\/types\/post"}],"author":[{"embeddable":true,"href":"https:\/\/www.radioluna.it\/news\/wp-json\/wp\/v2\/users\/60"}],"replies":[{"embeddable":true,"href":"https:\/\/www.radioluna.it\/news\/wp-json\/wp\/v2\/comments?post=349658"}],"version-history":[{"count":1,"href":"https:\/\/www.radioluna.it\/news\/wp-json\/wp\/v2\/posts\/349658\/revisions"}],"predecessor-version":[{"id":349692,"href":"https:\/\/www.radioluna.it\/news\/wp-json\/wp\/v2\/posts\/349658\/revisions\/349692"}],"wp:attachment":[{"href":"https:\/\/www.radioluna.it\/news\/wp-json\/wp\/v2\/media?parent=349658"}],"wp:term":[{"taxonomy":"category","embeddable":true,"href":"https:\/\/www.radioluna.it\/news\/wp-json\/wp\/v2\/categories?post=349658"},{"taxonomy":"post_tag","embeddable":true,"href":"https:\/\/www.radioluna.it\/news\/wp-json\/wp\/v2\/tags?post=349658"}],"curies":[{"name":"wp","href":"https:\/\/api.w.org\/{rel}","templated":true}]}}