{"id":349660,"date":"2024-04-04T12:22:17","date_gmt":"2024-04-04T10:22:17","guid":{"rendered":"https:\/\/www.radioluna.it\/news\/?p=349660"},"modified":"2024-04-04T12:22:17","modified_gmt":"2024-04-04T10:22:17","slug":"riconsegnata-a-terracina-una-maschera-in-terracotta-di-interesse-archeologico","status":"publish","type":"post","link":"https:\/\/www.radioluna.it\/news\/2024\/04\/riconsegnata-a-terracina-una-maschera-in-terracotta-di-interesse-archeologico\/","title":{"rendered":"Riconsegnata a Terracina una maschera in terracotta di interesse archeologico"},"content":{"rendered":"<div id=\"fb-root\"><\/div>\n<p style=\"text-align: justify;\"><strong>TERRACINA &#8211;<\/strong> Piccola, alta appena 9 centimetri e larga poco pi\u00f9 di 6, ma con una storia millenaria. \u00c8 la maschera in terracotta che questa mattina il personale del Comando Generale Carabinieri Tutela Patrimonio Culturale, Nucleo di Roma, ha restituito a Terracina nelle mani del Sindaco, Francesco Giannetti, e dell\u2019Assessore alla Cultura Alessandra Feudi. Un pezzo che acquista ancora pi\u00f9 valore considerato il percorso che l\u2019ha riportato a casa. \u00c8 stato un cittadino tedesco residente in Baviera a contattare l\u2019Ambasciata d\u2019Italia a Berlino sostenendo di essere in possesso di questo piccolo gioiello da almeno 70 anni, quando sua moglie l\u2019avrebbe ricevuta in dono da alcuni ragazzi di Terracina. Dopo tanti anni il desiderio di restituire alla Citt\u00e0 la maschera, che considerata la particolare fattura potrebbe risalire al IV-III secolo a.C. \u00a0I Carabinieri si sono quindi occupati di riportare in Italia il reperto, che adesso \u00e8 stato preso in custodia dall\u2019Amministrazione Comunale. Sar\u00e0 ora la Soprintendenza a inventariare e studiare l\u2019opera, per stabilire la sua esatta datazione e possibilmente anche la sua provenienza.<\/p>\n<p style=\"text-align: justify;\">\u00abCome ci \u00e8 stato sottolineato dai Carabinieri, che con grande cura ci hanno restituito la maschera, colpisce molto questa storia di \u2018redenzione\u2019 che non \u00e8 molto usuale, e siamo ben contenti che questa coppia abbia deciso di far tornare a casa un gioiello prezioso che \u00e8 di tutti noi. Un altro reperto dal valore inestimabile che dopo il lavoro necessario della Soprintendenza contiamo di mettere al pi\u00f9 presto a disposizione della Citt\u00e0 grazia alla riapertura dei luoghi della Cultura a cui stiamo lavorando\u00bb, ha dichiarato l\u2019Assessore alla Cultura Alessandra Feudi.<\/p>\n<p style=\"text-align: justify;\">\u00abRingrazio i Carabinieri Tutela Patrimonio Culturale per averci restituito questo preziosissimo reperto che costituisce un pezzo di storia della nostra Citt\u00e0. Come abbiamo gi\u00e0 ripetuto pi\u00f9 volte, dal primo giorno siamo al lavoro perch\u00e9 i nostri straordinari luoghi della cultura tornino accessibili a tutti, dal Palazzo della Bonifica alla Biblioteca Olivetti, per la quale i lavori sono gi\u00e0 a gara. Il nostro obiettivo \u00e8 che questa maschera, come l\u2019immenso patrimonio che abbiamo il privilegio di avere, potr\u00e0 essere presto ammirato da tutti\u00bb, ha dichiarato il Sindaco di Terracina, Francesco Giannetti.<\/p>\n<div class=\"radio-posizionamento-telefono-in-articoli-dopo-il-contenuto-articolo radio-entity-placement\" id=\"radio-3225145518\"><div id=\"radio-12590581\" style=\"width: 300px;height: 250px;\"><a href=\"https:\/\/www.icarspa.it\/auto\/usate\/latina\/\" aria-label=\"banner aprile icar new life &#8211; auto usate latina\"><img loading=\"lazy\" decoding=\"async\" src=\"https:\/\/www.radioluna.it\/news\/wp-content\/uploads\/2026\/02\/banner-aprile-icar-new-life-auto-usate-latina.gif\" alt=\"\"  width=\"300\" height=\"250\"   \/><\/a><\/div><\/div>","protected":false},"excerpt":{"rendered":"<p>TERRACINA &#8211; Piccola, alta appena 9 centimetri e larga poco pi\u00f9 di 6, ma con una storia millenaria. \u00c8 la maschera in terracotta che questa mattina il personale del Comando Generale Carabinieri Tutela Patrimonio Culturale, Nucleo di Roma, ha restituito a Terracina nelle mani del Sindaco, Francesco Giannetti, e dell\u2019Assessore alla Cultura Alessandra Feudi. Un [&hellip;]<\/p>\n","protected":false},"author":60,"featured_media":0,"comment_status":"open","ping_status":"open","sticky":false,"template":"","format":"standard","meta":{"footnotes":""},"categories":[735,2428],"tags":[],"class_list":["post-349660","post","type-post","status-publish","format-standard","hentry","category-attualita","category-primo-piano"],"_links":{"self":[{"href":"https:\/\/www.radioluna.it\/news\/wp-json\/wp\/v2\/posts\/349660","targetHints":{"allow":["GET"]}}],"collection":[{"href":"https:\/\/www.radioluna.it\/news\/wp-json\/wp\/v2\/posts"}],"about":[{"href":"https:\/\/www.radioluna.it\/news\/wp-json\/wp\/v2\/types\/post"}],"author":[{"embeddable":true,"href":"https:\/\/www.radioluna.it\/news\/wp-json\/wp\/v2\/users\/60"}],"replies":[{"embeddable":true,"href":"https:\/\/www.radioluna.it\/news\/wp-json\/wp\/v2\/comments?post=349660"}],"version-history":[{"count":0,"href":"https:\/\/www.radioluna.it\/news\/wp-json\/wp\/v2\/posts\/349660\/revisions"}],"wp:attachment":[{"href":"https:\/\/www.radioluna.it\/news\/wp-json\/wp\/v2\/media?parent=349660"}],"wp:term":[{"taxonomy":"category","embeddable":true,"href":"https:\/\/www.radioluna.it\/news\/wp-json\/wp\/v2\/categories?post=349660"},{"taxonomy":"post_tag","embeddable":true,"href":"https:\/\/www.radioluna.it\/news\/wp-json\/wp\/v2\/tags?post=349660"}],"curies":[{"name":"wp","href":"https:\/\/api.w.org\/{rel}","templated":true}]}}