{"id":349702,"date":"2024-04-04T17:33:18","date_gmt":"2024-04-04T15:33:18","guid":{"rendered":"https:\/\/www.radioluna.it\/news\/?p=349702"},"modified":"2024-04-23T14:36:56","modified_gmt":"2024-04-23T12:36:56","slug":"uncinetto-maglia-lettura-a-latina-nasce-caracola-lab","status":"publish","type":"post","link":"https:\/\/www.radioluna.it\/news\/2024\/04\/uncinetto-maglia-lettura-a-latina-nasce-caracola-lab\/","title":{"rendered":"Uncinetto, maglia, lettura: a Latina nasce Caracola Lab"},"content":{"rendered":"<div id=\"fb-root\"><\/div>\n<p style=\"text-align: justify;\"><strong><img loading=\"lazy\" decoding=\"async\" class=\"wp-image-349706 alignright\" src=\"https:\/\/www.radioluna.it\/news\/wp-content\/uploads\/2024\/04\/WhatsApp-Image-2024-04-04-at-17.06.26-e1712244040454.jpeg\" alt=\"\" width=\"250\" height=\"108\" srcset=\"https:\/\/www.radioluna.it\/news\/wp-content\/uploads\/2024\/04\/WhatsApp-Image-2024-04-04-at-17.06.26-e1712244040454.jpeg 991w, https:\/\/www.radioluna.it\/news\/wp-content\/uploads\/2024\/04\/WhatsApp-Image-2024-04-04-at-17.06.26-e1712244040454-768x332.jpeg 768w\" sizes=\"auto, (max-width: 250px) 100vw, 250px\" \/>LATINA &#8211; <\/strong>Uncinetto, maglia, ricamo, cucito, pittura, lettura, scrittura. Sono alcune delle attivit\u00e0 promosse dalla neonata associazione culturale Caracola Lab, uno spazio che sar\u00e0 inaugurato oggi pomeriggio, gioved\u00ec 4 aprile, alle 18, in Via Reginaldo Giuliani nel cuore della citt\u00e0.<\/p>\n<p style=\"text-align: justify;\">&#8220;L&#8217;idea che ci ha spinto &#8211; spiega Pina Di Viccaro, maestra di scuola primaria ora in congedo &#8211;\u00a0 \u00e8 quello a recuperare il senso della lentezza e coltivare la manualit\u00e0 che si sta perdendo&#8221;. Per questo, il logo del nuovo laboratorio, realizzato dall&#8217;architetta Carolina Nazianzeno, \u00e8 una chiocciola, &#8220;caracola&#8221; appunto in portoghese, un disegno che raccoglie in s\u00e9 l&#8217;idea della lentezza e del gomitolo di lana.<\/p>\n<p style=\"text-align: justify;\">Lo spazio, arredato con oggetti fatti a mano e di recupero, \u00e8 anche un luogo di aggregazione: &#8220;Ritrovarsi \u00e8 l&#8217;altra cosa di cui abbiamo tutti bisogno &#8211;\u00a0 aggiunge Pina Di Viccaro che invita anche i giovani ad affacciarsi &#8211;\u00a0 Siamo abituati a considerare queste attivit\u00e0, lavori femminili\u00a0 e senili, ma altrove non \u00e8 cos\u00ec. Nel nord Europa lavorano a maglia tantissimi ragazzi e ragazze. Sar\u00e0 un modo per confrontarsi e vivere momenti di spensieratezza&#8221;.<\/p>\n<p style=\"text-align: justify;\">Caracola ospiter\u00e0 workshop corsi e laboratori all&#8217;insegna del recupero e della sostenibilit\u00e0.<\/p>\n<div class=\"radio-posizionamento-telefono-in-articoli-dopo-il-contenuto-articolo radio-entity-placement\" id=\"radio-3855989872\"><div id=\"radio-626307086\"><a href=\"https:\/\/grupporedi.it\/\" aria-label=\"Redi-Qr\"><img loading=\"lazy\" decoding=\"async\" src=\"https:\/\/www.radioluna.it\/news\/wp-content\/uploads\/2026\/03\/Redi-Qr.jpg\" alt=\"\"  srcset=\"https:\/\/www.radioluna.it\/news\/wp-content\/uploads\/2026\/03\/Redi-Qr.jpg 800w, https:\/\/www.radioluna.it\/news\/wp-content\/uploads\/2026\/03\/Redi-Qr-768x639.jpg 768w\" sizes=\"(max-width: 800px) 100vw, 800px\" width=\"300\" height=\"250\"   \/><\/a><\/div><\/div>","protected":false},"excerpt":{"rendered":"<p>LATINA &#8211; Uncinetto, maglia, ricamo, cucito, pittura, lettura, scrittura. Sono alcune delle attivit\u00e0 promosse dalla neonata associazione culturale Caracola Lab, uno spazio che sar\u00e0 inaugurato oggi pomeriggio, gioved\u00ec 4 aprile, alle 18, in Via Reginaldo Giuliani nel cuore della citt\u00e0. &#8220;L&#8217;idea che ci ha spinto &#8211; spiega Pina Di Viccaro, maestra di scuola primaria ora [&hellip;]<\/p>\n","protected":false},"author":62,"featured_media":349703,"comment_status":"open","ping_status":"open","sticky":false,"template":"","format":"standard","meta":{"footnotes":""},"categories":[735],"tags":[],"class_list":["post-349702","post","type-post","status-publish","format-standard","has-post-thumbnail","hentry","category-attualita"],"_links":{"self":[{"href":"https:\/\/www.radioluna.it\/news\/wp-json\/wp\/v2\/posts\/349702","targetHints":{"allow":["GET"]}}],"collection":[{"href":"https:\/\/www.radioluna.it\/news\/wp-json\/wp\/v2\/posts"}],"about":[{"href":"https:\/\/www.radioluna.it\/news\/wp-json\/wp\/v2\/types\/post"}],"author":[{"embeddable":true,"href":"https:\/\/www.radioluna.it\/news\/wp-json\/wp\/v2\/users\/62"}],"replies":[{"embeddable":true,"href":"https:\/\/www.radioluna.it\/news\/wp-json\/wp\/v2\/comments?post=349702"}],"version-history":[{"count":5,"href":"https:\/\/www.radioluna.it\/news\/wp-json\/wp\/v2\/posts\/349702\/revisions"}],"predecessor-version":[{"id":349712,"href":"https:\/\/www.radioluna.it\/news\/wp-json\/wp\/v2\/posts\/349702\/revisions\/349712"}],"wp:featuredmedia":[{"embeddable":true,"href":"https:\/\/www.radioluna.it\/news\/wp-json\/wp\/v2\/media\/349703"}],"wp:attachment":[{"href":"https:\/\/www.radioluna.it\/news\/wp-json\/wp\/v2\/media?parent=349702"}],"wp:term":[{"taxonomy":"category","embeddable":true,"href":"https:\/\/www.radioluna.it\/news\/wp-json\/wp\/v2\/categories?post=349702"},{"taxonomy":"post_tag","embeddable":true,"href":"https:\/\/www.radioluna.it\/news\/wp-json\/wp\/v2\/tags?post=349702"}],"curies":[{"name":"wp","href":"https:\/\/api.w.org\/{rel}","templated":true}]}}