{"id":349734,"date":"2024-04-04T20:07:00","date_gmt":"2024-04-04T18:07:00","guid":{"rendered":"https:\/\/www.radioluna.it\/news\/?p=349734"},"modified":"2024-04-05T11:13:36","modified_gmt":"2024-04-05T09:13:36","slug":"alla-feltrinelli-di-latina-noemi-ghezzi-con-le-mille-e-una-notte-di-semerano-origini-mesopotamiche-della-cultura-europea","status":"publish","type":"post","link":"https:\/\/www.radioluna.it\/news\/2024\/04\/alla-feltrinelli-di-latina-noemi-ghezzi-con-le-mille-e-una-notte-di-semerano-origini-mesopotamiche-della-cultura-europea\/","title":{"rendered":"Alla Feltrinelli di Latina Noemi Ghezzi con &#8220;Le mille e una notte di Semerano. Origini mesopotamiche della cultura europea&#8221;"},"content":{"rendered":"<div id=\"fb-root\"><\/div>\n<p><strong>LATINA<\/strong> &#8211; Sar\u00e0 presentato mercoled\u00ec 5 aprile (alle 18) alla Feltrinelli di Latina in via Diaz, &#8220;Le mille e una notte di Semerano. Origini mesopotamiche della cultura europea&#8221;, lavoro della storica del mondo antico, Noemi Ghetti, pubblicato dall&#8217;Asino D&#8217;Oro edizioni. Interverr\u00e0 l&#8217;autrice.<\/p>\n<p style=\"text-align: justify;\">Il volume parte dall'&#8221;antichissima comune origine di Oriente e Occidente nell\u2019originale e poco nota ricerca di Giovanni Semerano, filologo e linguista italiano scomparso nel 2005&#8243;. E&#8217; il filo conduttore di un lavoro che &#8220;che delinea sotto una luce inedita l\u2019immagine dello studioso, al di l\u00e0 di inveterati pregiudizi e di barriere ideologiche e politiche&#8221;.<\/p>\n<p style=\"text-align: justify;\">Ghetti &#8220;seguendo la lente di Semerano, indica una chiave per sciogliere interrogativi culturali, filosofici e archeologici sull\u2019eredit\u00e0 dei popoli che tra il Tigri e l\u2019Eufrate inventarono la civilt\u00e0 urbana e la scrittura, e che con il poema di Gilgame\u0161 trasmisero la pi\u00f9 antica epopea dell\u2019umanit\u00e0&#8221;.<\/p>\n<p>Con l&#8217;autrice intervengono la ricercatrice Valentina Bella Lanza, la storica Sonia Marzetti e l&#8217;archeologa Gaia Ripepi. Modera Licia Pastore.<\/p>\n<p>&nbsp;<\/p>\n<p><img loading=\"lazy\" decoding=\"async\" class=\"alignnone size-full wp-image-349714\" src=\"https:\/\/www.radioluna.it\/news\/wp-content\/uploads\/2024\/04\/WhatsApp-Image-2024-04-04-at-12.38.47.jpeg\" alt=\"\" width=\"720\" height=\"404\" \/><\/p>\n","protected":false},"excerpt":{"rendered":"<p>LATINA &#8211; Sar\u00e0 presentato mercoled\u00ec 5 aprile (alle 18) alla Feltrinelli di Latina in via Diaz, &#8220;Le mille e una notte di Semerano. Origini mesopotamiche della cultura europea&#8221;, lavoro della storica del mondo antico, Noemi Ghetti, pubblicato dall&#8217;Asino D&#8217;Oro edizioni. Interverr\u00e0 l&#8217;autrice. Il volume parte dall&#8217;&#8221;antichissima comune origine di Oriente e Occidente nell\u2019originale e poco [&hellip;]<\/p>\n","protected":false},"author":60,"featured_media":349714,"comment_status":"open","ping_status":"open","sticky":false,"template":"","format":"standard","meta":{"footnotes":""},"categories":[16],"tags":[],"class_list":["post-349734","post","type-post","status-publish","format-standard","has-post-thumbnail","hentry","category-appuntamenti"],"_links":{"self":[{"href":"https:\/\/www.radioluna.it\/news\/wp-json\/wp\/v2\/posts\/349734","targetHints":{"allow":["GET"]}}],"collection":[{"href":"https:\/\/www.radioluna.it\/news\/wp-json\/wp\/v2\/posts"}],"about":[{"href":"https:\/\/www.radioluna.it\/news\/wp-json\/wp\/v2\/types\/post"}],"author":[{"embeddable":true,"href":"https:\/\/www.radioluna.it\/news\/wp-json\/wp\/v2\/users\/60"}],"replies":[{"embeddable":true,"href":"https:\/\/www.radioluna.it\/news\/wp-json\/wp\/v2\/comments?post=349734"}],"version-history":[{"count":2,"href":"https:\/\/www.radioluna.it\/news\/wp-json\/wp\/v2\/posts\/349734\/revisions"}],"predecessor-version":[{"id":349736,"href":"https:\/\/www.radioluna.it\/news\/wp-json\/wp\/v2\/posts\/349734\/revisions\/349736"}],"wp:featuredmedia":[{"embeddable":true,"href":"https:\/\/www.radioluna.it\/news\/wp-json\/wp\/v2\/media\/349714"}],"wp:attachment":[{"href":"https:\/\/www.radioluna.it\/news\/wp-json\/wp\/v2\/media?parent=349734"}],"wp:term":[{"taxonomy":"category","embeddable":true,"href":"https:\/\/www.radioluna.it\/news\/wp-json\/wp\/v2\/categories?post=349734"},{"taxonomy":"post_tag","embeddable":true,"href":"https:\/\/www.radioluna.it\/news\/wp-json\/wp\/v2\/tags?post=349734"}],"curies":[{"name":"wp","href":"https:\/\/api.w.org\/{rel}","templated":true}]}}