{"id":349819,"date":"2024-04-05T15:47:53","date_gmt":"2024-04-05T13:47:53","guid":{"rendered":"https:\/\/www.radioluna.it\/news\/?p=349819"},"modified":"2024-04-23T14:37:12","modified_gmt":"2024-04-23T12:37:12","slug":"a-gaeta-la-nona-edizione-del-festival-dei-giovani","status":"publish","type":"post","link":"https:\/\/www.radioluna.it\/news\/2024\/04\/a-gaeta-la-nona-edizione-del-festival-dei-giovani\/","title":{"rendered":"A Gaeta la nona edizione del Festival dei Giovani"},"content":{"rendered":"<div id=\"fb-root\"><\/div>\n<p style=\"text-align: justify;\"><strong>GAETA &#8211;<\/strong> Questa mattina si \u00e8 svolta in Aula consiliare la conferenza stampa di presentazione della IX edizione del Festival dei giovani \u201cBack to the emotions\u201d, che vedr\u00e0 la presenza di decine di migliaia di studenti e studentesse, provenienti da tutt\u2019Italia, nella citt\u00e0 di Gaeta nei giorni 17, 18 e 19 aprile.<\/p>\n<p style=\"text-align: justify;\">L\u2019amministrazione comunale, unitamente alla Regione Lazio nell\u2019ambito del programma Regionale, promuove e sostiene l\u2019evento, ideato e realizzato da Noisiamofuturo.<\/p>\n<p style=\"text-align: justify;\">Il tema centrale del festival saranno le emozioni, strumento di sviluppo, crescita e riscoperta del valore della condivisione con momenti di confronto su diverse tematiche che interessano la Generazione Z, e intorno a questo saranno sviluppate altre tematiche interconnesse\u00a0 come l\u2019ecosostenibilit\u00e0 e la sostenibilit\u00e0 ambientale, legalit\u00e0, inclusione e parit\u00e0 di genere con laboratori e meeting; durante i tre giorni del Festival ci sar\u00e0 spazio anche per l\u2019orientamento ai percorsi di studio universitari e professionalizzanti.<\/p>\n<p style=\"text-align: justify;\">Il Sindaco Cristian Leccese dimostra entusiasmo per questa edizione e afferma che \u201cquesto anno il Festival dei giovani si preannuncia ancora pi\u00f9 coinvolgente e ricco di spunti. La partecipazione della Regione Lazio, con il sostegno dell&#8217;Assessore Giuseppe Schiboni, rappresenta un valore aggiunto inestimabile per l\u2019evento. Il record di presenze previsto testimonia l&#8217;appeal e l&#8217;attrattiva che l\u2019evento esercita sulle nuove generazioni. Sono certo che il Festival sar\u00e0 un&#8217;esperienza indimenticabile per tutti i partecipanti, ricca di emozioni, di crescita e di divertimento. Non vedo l&#8217;ora di vivere questa edizione insieme a tutti voi\u201d.<\/p>\n<p style=\"text-align: justify;\">L\u2019Assessore regionale Giuseppe Schiboni afferma che \u201cl\u2019appuntamento del Festival dei giovani ha grande rilievo per la Generazione Z, un&#8217;occasione per confrontarsi, crescere e divertirsi insieme. La Regione Lazio \u00e8 impegnata a sostenere le iniziative che promuovono la crescita e lo sviluppo dei giovani e il Festival si conferma un appuntamento imperdibile, un&#8217;occasione per crescere, imparare, ma soprattutto, un momento per riflettere sul proprio futuro e per costruire il mondo di domani\u201d.<\/p>\n<p style=\"text-align: justify;\">Il Consigliere regionale del Lazio Cosmo Mitrano aggiunge \u201c\u00e8 un appuntamento di grande valore per la nostra regione. Un&#8217;occasione per i giovani di essere protagonisti del proprio futuro, confrontandosi su temi importanti e sviluppando nuove competenze. La Regione Lazio \u00e8 orgogliosa di sostenere questo evento, che rappresenta un investimento prezioso per le nuove generazioni. Sono sicuro che questa IX edizione sar\u00e0 un grande successo e che i partecipanti ne trarranno un grande beneficio\u201d.<\/p>\n<p style=\"text-align: justify;\">Fulvia Guazzone, Ideatrice e Direttrice Scientifica del Festival dei giovani, nonch\u00e9 Presidente di Noisiamofuturo, conclude \u201cquest\u2019anno abbiamo voluto intitolare la IX edizione del Festival \u201cBack to the emotions\u201d proprio per sottolineare la centralit\u00e0 delle emozioni come strumento (potente, insostituibile, e purtroppo trascurato) di crescita personale, sociale e professionale dei nostri giovani\u201d.<\/p>\n","protected":false},"excerpt":{"rendered":"<p>GAETA &#8211; Questa mattina si \u00e8 svolta in Aula consiliare la conferenza stampa di presentazione della IX edizione del Festival dei giovani \u201cBack to the emotions\u201d, che vedr\u00e0 la presenza di decine di migliaia di studenti e studentesse, provenienti da tutt\u2019Italia, nella citt\u00e0 di Gaeta nei giorni 17, 18 e 19 aprile. L\u2019amministrazione comunale, unitamente [&hellip;]<\/p>\n","protected":false},"author":60,"featured_media":0,"comment_status":"open","ping_status":"open","sticky":false,"template":"","format":"standard","meta":{"footnotes":""},"categories":[16],"tags":[],"class_list":["post-349819","post","type-post","status-publish","format-standard","hentry","category-appuntamenti"],"_links":{"self":[{"href":"https:\/\/www.radioluna.it\/news\/wp-json\/wp\/v2\/posts\/349819","targetHints":{"allow":["GET"]}}],"collection":[{"href":"https:\/\/www.radioluna.it\/news\/wp-json\/wp\/v2\/posts"}],"about":[{"href":"https:\/\/www.radioluna.it\/news\/wp-json\/wp\/v2\/types\/post"}],"author":[{"embeddable":true,"href":"https:\/\/www.radioluna.it\/news\/wp-json\/wp\/v2\/users\/60"}],"replies":[{"embeddable":true,"href":"https:\/\/www.radioluna.it\/news\/wp-json\/wp\/v2\/comments?post=349819"}],"version-history":[{"count":0,"href":"https:\/\/www.radioluna.it\/news\/wp-json\/wp\/v2\/posts\/349819\/revisions"}],"wp:attachment":[{"href":"https:\/\/www.radioluna.it\/news\/wp-json\/wp\/v2\/media?parent=349819"}],"wp:term":[{"taxonomy":"category","embeddable":true,"href":"https:\/\/www.radioluna.it\/news\/wp-json\/wp\/v2\/categories?post=349819"},{"taxonomy":"post_tag","embeddable":true,"href":"https:\/\/www.radioluna.it\/news\/wp-json\/wp\/v2\/tags?post=349819"}],"curies":[{"name":"wp","href":"https:\/\/api.w.org\/{rel}","templated":true}]}}