{"id":349861,"date":"2024-04-06T09:13:49","date_gmt":"2024-04-06T07:13:49","guid":{"rendered":"https:\/\/www.radioluna.it\/news\/?p=349861"},"modified":"2024-04-23T14:37:34","modified_gmt":"2024-04-23T12:37:34","slug":"a-cori-la-proiezione-di-jo-sindaco-il-doc-su-romolo-palombelli","status":"publish","type":"post","link":"https:\/\/www.radioluna.it\/news\/2024\/04\/a-cori-la-proiezione-di-jo-sindaco-il-doc-su-romolo-palombelli\/","title":{"rendered":"A Cori la proiezione di Jo Sindaco il doc su Romolo Palombelli"},"content":{"rendered":"<div id=\"fb-root\"><\/div>\n<p style=\"text-align: justify;\"><strong>CORI<\/strong> &#8211;\u00a0 A dieci anni dalla scomparsa di Romolo Palombelli, sabato 6 aprile 2024, alle ore 17.30, presso il teatro \u2018Luigi Pistilli\u2019, il Comune di Cori organizza la presentazione del docufilm \u2018Jo Sindaco\u2019 di Fran\u00e7ois Palombelli.<\/p>\n<p style=\"text-align: justify;\">Fran\u00e7ois, regista e produttore di Palombelli Movies, ha realizzato il documentario \u2018Jo Sindaco\u2019, che ripercorre la figura di un politico impegnato a livello locale e, come amministratore, a livello comunale e provinciale. Sindaco di Cori dal 1964 al 1978 e dal 1987 al 1990, nella sua attivit\u00e0 amministrativa ha contribuito a completare la ricostruzione del paese dalle macerie della seconda guerra mondiale e concorso alla modernizzazione delle sue strutture civili e allo sviluppo del territorio con la costruzione della scuola media, la realizzazione dell\u2019acquedotto, l\u2019istituzione dell\u2019ospedale civile, la ristrutturazione del palazzo comunale, il riconoscimento della denominazione di origine controllata per il vino locale, la nascita della cantina sociale, lo sviluppo di attivit\u00e0 ricreative e culturali, la realizzazione del complesso turistico-sportivo di Stoza. \u00c8 stato consigliere provinciale e ha ricoperto la carica di Presidente dell&#8217;Ente provinciale per il turismo di Latina, con un impegno costante per la valorizzazione delle attivit\u00e0 turistiche e ricreative di tutto il territorio pontino.<img loading=\"lazy\" decoding=\"async\" class=\"wp-image-349862 alignright\" src=\"https:\/\/www.radioluna.it\/news\/wp-content\/uploads\/2024\/04\/Romolo-Palombelli.jpg\" alt=\"\" width=\"181\" height=\"299\" \/><\/p>\n<p style=\"text-align: justify;\">Tra riprese di Cori e archivi storici, il regista percorre il tempo che lo separa da un periodo che gli ha permesso un&#8217;infanzia felice, riconnettendosi allo stesso tempo con suo nonno e con la sua citt\u00e0 natale, che ha lasciato da pi\u00f9 di un decennio.<\/p>\n<p style=\"text-align: justify;\"><strong>IL PROGRAMMA<\/strong> &#8211; Dopo i saluti istituzionali affidati al sindaco di Cori, Mauro Primio De Lillis, e al presidente della Provincia di Latina, Gerardo Stefanelli, la proiezione, e il dibattito. Con il regista, interverranno Aldina Vitelli, compositrice, Fausto De Rossi, concept artist, Mario Spinocchio, regista.<\/p>\n<p>\u201cPalombelli \u00e8 nel ricordo vivo della nostra comunit\u00e0, il sindaco di Cori per antonomasia\u201d, dichiara il primo cittadino, Mauro De Lillis, che prosegue: \u201cSiamo felici di patrocinare come Comune un\u2019opera che racconta un personaggio tra i maggiori nella vita pubblica, politica e amministrativa della nostra citt\u00e0 nel secondo dopoguerra, colui che ha governato Cori ininterrottamente, dal 1964 al 1978, quando lasci\u00f2 la sindacatura solo perch\u00e9 venne eletto alla carica di presidente dell\u2019Ente Provinciale per il Turismo di Latina, e poi ancora dal 1988 al 1990\u201d.<\/p>\n<p>\u201cSono felice di unirmi alla comunit\u00e0 di Cori nel ricordo di Romolo Palombelli \u2013 dichiara Gerardo Stefanelli, presidente della Provincia di Latina &#8211; un sindaco e un amministratore provinciale che ha lasciato un segno importante nella sua citt\u00e0 e in tutto il territorio pontino, attraverso la valorizzazione delle specificit\u00e0 dei comuni della costa e delle aree interne\u201d.<\/p>\n","protected":false},"excerpt":{"rendered":"<p>CORI &#8211;\u00a0 A dieci anni dalla scomparsa di Romolo Palombelli, sabato 6 aprile 2024, alle ore 17.30, presso il teatro \u2018Luigi Pistilli\u2019, il Comune di Cori organizza la presentazione del docufilm \u2018Jo Sindaco\u2019 di Fran\u00e7ois Palombelli. Fran\u00e7ois, regista e produttore di Palombelli Movies, ha realizzato il documentario \u2018Jo Sindaco\u2019, che ripercorre la figura di un [&hellip;]<\/p>\n","protected":false},"author":62,"featured_media":349863,"comment_status":"open","ping_status":"open","sticky":false,"template":"","format":"standard","meta":{"footnotes":""},"categories":[16],"tags":[],"class_list":["post-349861","post","type-post","status-publish","format-standard","has-post-thumbnail","hentry","category-appuntamenti"],"_links":{"self":[{"href":"https:\/\/www.radioluna.it\/news\/wp-json\/wp\/v2\/posts\/349861","targetHints":{"allow":["GET"]}}],"collection":[{"href":"https:\/\/www.radioluna.it\/news\/wp-json\/wp\/v2\/posts"}],"about":[{"href":"https:\/\/www.radioluna.it\/news\/wp-json\/wp\/v2\/types\/post"}],"author":[{"embeddable":true,"href":"https:\/\/www.radioluna.it\/news\/wp-json\/wp\/v2\/users\/62"}],"replies":[{"embeddable":true,"href":"https:\/\/www.radioluna.it\/news\/wp-json\/wp\/v2\/comments?post=349861"}],"version-history":[{"count":1,"href":"https:\/\/www.radioluna.it\/news\/wp-json\/wp\/v2\/posts\/349861\/revisions"}],"predecessor-version":[{"id":349864,"href":"https:\/\/www.radioluna.it\/news\/wp-json\/wp\/v2\/posts\/349861\/revisions\/349864"}],"wp:featuredmedia":[{"embeddable":true,"href":"https:\/\/www.radioluna.it\/news\/wp-json\/wp\/v2\/media\/349863"}],"wp:attachment":[{"href":"https:\/\/www.radioluna.it\/news\/wp-json\/wp\/v2\/media?parent=349861"}],"wp:term":[{"taxonomy":"category","embeddable":true,"href":"https:\/\/www.radioluna.it\/news\/wp-json\/wp\/v2\/categories?post=349861"},{"taxonomy":"post_tag","embeddable":true,"href":"https:\/\/www.radioluna.it\/news\/wp-json\/wp\/v2\/tags?post=349861"}],"curies":[{"name":"wp","href":"https:\/\/api.w.org\/{rel}","templated":true}]}}