{"id":349952,"date":"2024-04-08T12:32:38","date_gmt":"2024-04-08T10:32:38","guid":{"rendered":"https:\/\/www.radioluna.it\/news\/?p=349952"},"modified":"2024-04-08T12:32:38","modified_gmt":"2024-04-08T10:32:38","slug":"latina-nel-tratto-riaperto-spunta-un-nuovo-pezzo-di-pista-ciclabile","status":"publish","type":"post","link":"https:\/\/www.radioluna.it\/news\/2024\/04\/latina-nel-tratto-riaperto-spunta-un-nuovo-pezzo-di-pista-ciclabile\/","title":{"rendered":"Latina, nel tratto riaperto spunta un nuovo pezzo di pista ciclabile"},"content":{"rendered":"<div id=\"fb-root\"><\/div>\n<p style=\"text-align: justify;\"><strong>LATINA<\/strong> &#8211; Mentre sono in corso tra Piazza del Popolo e Via Diaz i lavori per la realizzazione della nuova segnaletica stradale dopo la riapertura infrasettimanale del tratto ora escluso dal perimetro dell&#8217;area green, spunta un nuovo tratto di pista ciclabile segnalato dall&#8217;asfalto rosso realizzato proprio questa mattina. Come era naturale, congiunger\u00e0 Corso Matteotti a Via Diaz (passando appunto da Piazza del Popolo), ricucendo i due tratti gi\u00e0 esistenti nel centro storico. Si potranno cos\u00ec mettere in sicurezza le bicilette ora che le auto ricominceranno a transitare dal luned\u00ec al venerd\u00ec sera in un&#8217;area chiusa da dieci anni. Accanto verranno segnalati i parcheggi a disco orario.<\/p>\n<p style=\"text-align: justify;\">Resta allo studio &#8211; secondo quanto emerso durante la penultima seduta del consiglio comunale\u00a0 &#8211; l&#8217;eliminazione dell&#8217;intera pista ciclabile che congiunge gli edifici storici e i principali uffici del centro citt\u00e0.<\/p>\n","protected":false},"excerpt":{"rendered":"<p>LATINA &#8211; Mentre sono in corso tra Piazza del Popolo e Via Diaz i lavori per la realizzazione della nuova segnaletica stradale dopo la riapertura infrasettimanale del tratto ora escluso dal perimetro dell&#8217;area green, spunta un nuovo tratto di pista ciclabile segnalato dall&#8217;asfalto rosso realizzato proprio questa mattina. Come era naturale, congiunger\u00e0 Corso Matteotti a [&hellip;]<\/p>\n","protected":false},"author":62,"featured_media":349953,"comment_status":"open","ping_status":"open","sticky":false,"template":"","format":"standard","meta":{"footnotes":""},"categories":[8],"tags":[],"class_list":["post-349952","post","type-post","status-publish","format-standard","has-post-thumbnail","hentry","category-politica"],"_links":{"self":[{"href":"https:\/\/www.radioluna.it\/news\/wp-json\/wp\/v2\/posts\/349952","targetHints":{"allow":["GET"]}}],"collection":[{"href":"https:\/\/www.radioluna.it\/news\/wp-json\/wp\/v2\/posts"}],"about":[{"href":"https:\/\/www.radioluna.it\/news\/wp-json\/wp\/v2\/types\/post"}],"author":[{"embeddable":true,"href":"https:\/\/www.radioluna.it\/news\/wp-json\/wp\/v2\/users\/62"}],"replies":[{"embeddable":true,"href":"https:\/\/www.radioluna.it\/news\/wp-json\/wp\/v2\/comments?post=349952"}],"version-history":[{"count":1,"href":"https:\/\/www.radioluna.it\/news\/wp-json\/wp\/v2\/posts\/349952\/revisions"}],"predecessor-version":[{"id":349954,"href":"https:\/\/www.radioluna.it\/news\/wp-json\/wp\/v2\/posts\/349952\/revisions\/349954"}],"wp:featuredmedia":[{"embeddable":true,"href":"https:\/\/www.radioluna.it\/news\/wp-json\/wp\/v2\/media\/349953"}],"wp:attachment":[{"href":"https:\/\/www.radioluna.it\/news\/wp-json\/wp\/v2\/media?parent=349952"}],"wp:term":[{"taxonomy":"category","embeddable":true,"href":"https:\/\/www.radioluna.it\/news\/wp-json\/wp\/v2\/categories?post=349952"},{"taxonomy":"post_tag","embeddable":true,"href":"https:\/\/www.radioluna.it\/news\/wp-json\/wp\/v2\/tags?post=349952"}],"curies":[{"name":"wp","href":"https:\/\/api.w.org\/{rel}","templated":true}]}}