{"id":349963,"date":"2024-04-08T15:31:59","date_gmt":"2024-04-08T13:31:59","guid":{"rendered":"https:\/\/www.radioluna.it\/news\/?p=349963"},"modified":"2024-04-08T15:31:59","modified_gmt":"2024-04-08T13:31:59","slug":"latina-a-maggio-partono-i-lavori-nellarea-del-mercato-del-martedi-ecco-gli-interventi","status":"publish","type":"post","link":"https:\/\/www.radioluna.it\/news\/2024\/04\/latina-a-maggio-partono-i-lavori-nellarea-del-mercato-del-martedi-ecco-gli-interventi\/","title":{"rendered":"Latina, a maggio partono i lavori nell\u2019area del mercato del marted\u00ec: ecco gli interventi"},"content":{"rendered":"<div id=\"fb-root\"><\/div>\n<p style=\"text-align: justify;\"><strong>LATINA &#8211;<\/strong> Presenti alla commissione Attivit\u00e0 produttive a Latina di questa mattina, presieduta dal consigliere Dino Iavarone, il vicesindaco Massimiliano Carnevale, con delega ai Lavori pubblici, e l\u2019assessore Antonio Cosentino, con delega al Commercio. All\u2019ordine del giorno la situazione dell\u2019area mercato R6.<\/p>\n<p style=\"text-align: justify;\">\u201cLa commissione di questa mattina \u2013 dichiara l\u2019assessore Cosentino \u2013 \u00e8 stata l\u2019occasione per comunicare l\u2019imminente avvio dei lavori nell\u2019area dove si svolge il mercato del marted\u00ec, che partiranno nel mese di maggio. Ringrazio il presidente Dino Iavarone e i commissari che ci hanno permesso di illustrare gli interventi che verranno realizzati e chiarire le modalit\u00e0 in cui si svolgeranno. Sar\u00e0, infatti, garantita la continuit\u00e0 dell\u2019attivit\u00e0 del mercato e non sar\u00e0 prevista chiusura, cos\u00ec come concordato nei vari e proficui incontri che abbiamo organizzato con le associazioni di rappresentanza dei concessionari. Il progetto \u2013 conclude Cosentino &#8211; \u00e8 stato realizzato partendo proprio dalle esigenze di chi utilizza l\u2019area, che ha rappresentato al Comune di Latina i vantaggi derivanti da un sistema funzionale del mercato della zona R6\u201d.<\/p>\n<p style=\"text-align: justify;\">\u201cEsprimo soddisfazione \u2013 afferma il vicesindaco Carnevale &#8211; per il lavoro portato avanti dagli uffici che permetter\u00e0 di ridare dignit\u00e0 ad un\u2019area rimasta ignorata per lunghissimo tempo. Finalmente, in tempi rapidi, verranno date risposte a chi da anni aspetta: i commercianti, i residenti e i frequentatori del mercato del marted\u00ec, fiore all\u2019occhiello dell\u2019intera regione. L\u2019importo dei lavori, finanziato con fondi della Regione Lazio, \u00e8 di 190mila euro e permetter\u00e0 all\u2019area di avere una nuova veste. Verr\u00e0, infatti, ripristinato il manto stradale, realizzata nuova segnaletica orizzontale per identificare le superfici dei banchi e nuova segnaletica verticale che consenta di identificare le aree merceologiche e la numerazione dei banchi e nuovi punti di acqua per i banchi del settore ittico con misuratore di portata. Verr\u00e0, inoltre, riqualificato l\u2019edificio ospitante i servizi igienici e sono in programma anche interventi sull\u2019arredo urbano con panchine, cestini, alberature e rastrelliere per biciclette. L\u2019area sar\u00e0 dotata di parcheggi rosa riservati alle donne in stato di gravidanza, pensiline fotovoltaiche nei parcheggi esterni dell\u2019area con relativa colonnina di ricarica, punti di distribuzione dell\u2019energia elettrica nel settore alimentare al servizio degli ambulanti e, infine, verranno riqualificati la recinzione perimetrale e i cancelli carrabili e pedonali\u201d.<\/p>\n","protected":false},"excerpt":{"rendered":"<p>LATINA &#8211; Presenti alla commissione Attivit\u00e0 produttive a Latina di questa mattina, presieduta dal consigliere Dino Iavarone, il vicesindaco Massimiliano Carnevale, con delega ai Lavori pubblici, e l\u2019assessore Antonio Cosentino, con delega al Commercio. All\u2019ordine del giorno la situazione dell\u2019area mercato R6. \u201cLa commissione di questa mattina \u2013 dichiara l\u2019assessore Cosentino \u2013 \u00e8 stata l\u2019occasione [&hellip;]<\/p>\n","protected":false},"author":60,"featured_media":0,"comment_status":"open","ping_status":"open","sticky":false,"template":"","format":"standard","meta":{"footnotes":""},"categories":[8],"tags":[],"class_list":["post-349963","post","type-post","status-publish","format-standard","hentry","category-politica"],"_links":{"self":[{"href":"https:\/\/www.radioluna.it\/news\/wp-json\/wp\/v2\/posts\/349963","targetHints":{"allow":["GET"]}}],"collection":[{"href":"https:\/\/www.radioluna.it\/news\/wp-json\/wp\/v2\/posts"}],"about":[{"href":"https:\/\/www.radioluna.it\/news\/wp-json\/wp\/v2\/types\/post"}],"author":[{"embeddable":true,"href":"https:\/\/www.radioluna.it\/news\/wp-json\/wp\/v2\/users\/60"}],"replies":[{"embeddable":true,"href":"https:\/\/www.radioluna.it\/news\/wp-json\/wp\/v2\/comments?post=349963"}],"version-history":[{"count":0,"href":"https:\/\/www.radioluna.it\/news\/wp-json\/wp\/v2\/posts\/349963\/revisions"}],"wp:attachment":[{"href":"https:\/\/www.radioluna.it\/news\/wp-json\/wp\/v2\/media?parent=349963"}],"wp:term":[{"taxonomy":"category","embeddable":true,"href":"https:\/\/www.radioluna.it\/news\/wp-json\/wp\/v2\/categories?post=349963"},{"taxonomy":"post_tag","embeddable":true,"href":"https:\/\/www.radioluna.it\/news\/wp-json\/wp\/v2\/tags?post=349963"}],"curies":[{"name":"wp","href":"https:\/\/api.w.org\/{rel}","templated":true}]}}