{"id":349999,"date":"2024-04-09T13:28:27","date_gmt":"2024-04-09T11:28:27","guid":{"rendered":"https:\/\/www.radioluna.it\/news\/?p=349999"},"modified":"2024-04-23T14:35:43","modified_gmt":"2024-04-23T12:35:43","slug":"nuovi-giochi-nelle-aree-verdi-del-comune-di-latina-in-parchi-e-scuole","status":"publish","type":"post","link":"https:\/\/www.radioluna.it\/news\/2024\/04\/nuovi-giochi-nelle-aree-verdi-del-comune-di-latina-in-parchi-e-scuole\/","title":{"rendered":"Nuovi giochi nelle aree verdi del comune di Latina in parchi e scuole"},"content":{"rendered":"<div id=\"fb-root\"><\/div>\n<p style=\"text-align: justify;\"><strong>LATINA<\/strong> &#8211; Nuovi giochi nelle aree verdi del comune di Latina, in parchi e scuole, per un\u00a0 importo di 250mila euro. L&#8217;annuncio arriva dal vicesindaco e assessore ai Lavori pubblici Massimiliano Carnevale. \u201cI primi lavori \u2013 dichiara \u2013 sono iniziati nella giornata di ieri nel Parco Oasi Verde Susetta Guerrini \u00a0e consistono nel montaggio dei nuovi giochi, che andranno a sostituire quelli ammalorati e non pi\u00f9 in sicurezza. Tra pochissimi giorni i pi\u00f9 piccoli avranno gi\u00e0 a disposizione uno spazio nuovo dove poter trascorrere i pomeriggi primaverili. Lo stesso si far\u00e0 nelle altre aree verdi di Latina, comprese quelle delle scuole, dove gli strumenti a disposizione dei bambini non erano pi\u00f9 utilizzabili. Questi interventi consentiranno di poter usufruire di spazi dedicati allo svago e all\u2019attivit\u00e0 motoria, nella pi\u00f9 totale sicurezza. L\u2019amministrazione, infatti, ha preferito dotare le aree di nuovi strumenti piuttosto che intervenire su quelli gi\u00e0 presenti, ormai datati e non pi\u00f9 utilizzabili. Questi interventi, oltre a fornire spazi migliori ai pi\u00f9 piccoli, consentiranno una riqualificazione delle aree dei parchi comunali, che fungono anche da centri di aggregazione per le famiglie\u201d.<\/p>\n<p style=\"text-align: justify;\">Oltre al parco Oasi Verde Susetta Guerrini, gli interventi riguarderanno la scuola di via Quarto, la scuola Don Milani, la scuola di via Calatafimi e il parco Villafranca di via Tanaro. Al termine, previsto entro il mese di maggio, si proseguir\u00e0 con le nuove aree.<\/p>\n","protected":false},"excerpt":{"rendered":"<p>LATINA &#8211; Nuovi giochi nelle aree verdi del comune di Latina, in parchi e scuole, per un\u00a0 importo di 250mila euro. L&#8217;annuncio arriva dal vicesindaco e assessore ai Lavori pubblici Massimiliano Carnevale. \u201cI primi lavori \u2013 dichiara \u2013 sono iniziati nella giornata di ieri nel Parco Oasi Verde Susetta Guerrini \u00a0e consistono nel montaggio dei [&hellip;]<\/p>\n","protected":false},"author":60,"featured_media":260314,"comment_status":"open","ping_status":"open","sticky":false,"template":"","format":"standard","meta":{"footnotes":""},"categories":[735],"tags":[],"class_list":["post-349999","post","type-post","status-publish","format-standard","has-post-thumbnail","hentry","category-attualita"],"_links":{"self":[{"href":"https:\/\/www.radioluna.it\/news\/wp-json\/wp\/v2\/posts\/349999","targetHints":{"allow":["GET"]}}],"collection":[{"href":"https:\/\/www.radioluna.it\/news\/wp-json\/wp\/v2\/posts"}],"about":[{"href":"https:\/\/www.radioluna.it\/news\/wp-json\/wp\/v2\/types\/post"}],"author":[{"embeddable":true,"href":"https:\/\/www.radioluna.it\/news\/wp-json\/wp\/v2\/users\/60"}],"replies":[{"embeddable":true,"href":"https:\/\/www.radioluna.it\/news\/wp-json\/wp\/v2\/comments?post=349999"}],"version-history":[{"count":1,"href":"https:\/\/www.radioluna.it\/news\/wp-json\/wp\/v2\/posts\/349999\/revisions"}],"predecessor-version":[{"id":350000,"href":"https:\/\/www.radioluna.it\/news\/wp-json\/wp\/v2\/posts\/349999\/revisions\/350000"}],"wp:featuredmedia":[{"embeddable":true,"href":"https:\/\/www.radioluna.it\/news\/wp-json\/wp\/v2\/media\/260314"}],"wp:attachment":[{"href":"https:\/\/www.radioluna.it\/news\/wp-json\/wp\/v2\/media?parent=349999"}],"wp:term":[{"taxonomy":"category","embeddable":true,"href":"https:\/\/www.radioluna.it\/news\/wp-json\/wp\/v2\/categories?post=349999"},{"taxonomy":"post_tag","embeddable":true,"href":"https:\/\/www.radioluna.it\/news\/wp-json\/wp\/v2\/tags?post=349999"}],"curies":[{"name":"wp","href":"https:\/\/api.w.org\/{rel}","templated":true}]}}