{"id":350013,"date":"2024-04-09T14:07:39","date_gmt":"2024-04-09T12:07:39","guid":{"rendered":"https:\/\/www.radioluna.it\/news\/?p=350013"},"modified":"2024-04-23T14:35:53","modified_gmt":"2024-04-23T12:35:53","slug":"cori-addio-allavvocato-pietro-bianchi-aveva-93-anni","status":"publish","type":"post","link":"https:\/\/www.radioluna.it\/news\/2024\/04\/cori-addio-allavvocato-pietro-bianchi-aveva-93-anni\/","title":{"rendered":"Cori, addio all&#8217;avvocato Pietro Bianchi, aveva 93 anni"},"content":{"rendered":"<div id=\"fb-root\"><\/div>\n<p style=\"text-align: justify;\"><strong><img loading=\"lazy\" decoding=\"async\" class=\" wp-image-350014 alignleft\" src=\"https:\/\/www.radioluna.it\/news\/wp-content\/uploads\/2024\/04\/Avv.-Pietro-Bianchi.jpg\" alt=\"\" width=\"557\" height=\"1033\" \/>CORI<\/strong> &#8211; Si \u00e8 spento luned\u00ec 8 aprile all&#8217;et\u00e0 di 93 anni l\u2019avvocato Pietro Bianchi, decano del Foro di Latina, ancora attivo nello studio di famiglia. In una nota il sindaco di Cori, Mauro Primio De Lillis, a nome di tutta l\u2019amministrazione comunale, esprime cordoglio per la scomparsa del professionista, ricordando in una nota che &#8220;insieme a Franco Luberti \u2013 gi\u00e0 sindaco di Cori, nonch\u00e9 consigliere comunale di Latina, deputato e poi senatore, membro del Consiglio superiore della magistratura \u2013 e Romolo Palombelli \u2013 il pi\u00f9 longevo sindaco di Cori \u2013 aveva dato vita ad una studio associato, attivo fino alla scomparsa dei due colleghi&#8221;.<\/p>\n<p style=\"text-align: justify;\">&#8220;L\u2019avv. Bianchi\u00a0 esperto civilista, uomo mite e dai toni sempre pacati &#8211; aggiunge il primo cittadino &#8211; era anche un raffinato gourmet: segretario dell\u2019Accademia Italiana della Cucina, aveva portato a Cori due anni fa un simposio dell\u2019Accademia, cosa che fu per lui motivo di orgoglio. Molto legato al suo paese, nei lunghi decenni di professione, tutti i giorni, all\u2019ora di pranzo rientrava a casa per mangiare il pane di Cori e salutare gli amici e poi tornava nello studio di Latina&#8221;.<\/p>\n<p>I funerali si terranno oggi alle ore 15 nella chiesa di San Francesco a Cori.<\/p>\n<div class=\"radio-posizionamento-telefono-in-articoli-dopo-il-contenuto-articolo radio-entity-placement\" id=\"radio-2559672351\"><div id=\"radio-4008916518\"><a href=\"https:\/\/www.simeoneceramiche.com\/\" aria-label=\"SIMEONE CERAMICHE GIF animata per radioluna_Tavola disegno 1 copia 2 (online-video-cutter.com)\"><img loading=\"lazy\" decoding=\"async\" src=\"https:\/\/www.radioluna.it\/news\/wp-content\/uploads\/2025\/05\/SIMEONE-CERAMICHE-GIF-animata-per-radioluna_Tavola-disegno-1-copia-2-online-video-cutter.com_.gif\" alt=\"\"  width=\"300\" height=\"250\"   \/><\/a><\/div><\/div>","protected":false},"excerpt":{"rendered":"<p>CORI &#8211; Si \u00e8 spento luned\u00ec 8 aprile all&#8217;et\u00e0 di 93 anni l\u2019avvocato Pietro Bianchi, decano del Foro di Latina, ancora attivo nello studio di famiglia. In una nota il sindaco di Cori, Mauro Primio De Lillis, a nome di tutta l\u2019amministrazione comunale, esprime cordoglio per la scomparsa del professionista, ricordando in una nota che [&hellip;]<\/p>\n","protected":false},"author":60,"featured_media":350014,"comment_status":"open","ping_status":"open","sticky":false,"template":"","format":"standard","meta":{"footnotes":""},"categories":[7],"tags":[],"class_list":["post-350013","post","type-post","status-publish","format-standard","has-post-thumbnail","hentry","category-cronaca"],"_links":{"self":[{"href":"https:\/\/www.radioluna.it\/news\/wp-json\/wp\/v2\/posts\/350013","targetHints":{"allow":["GET"]}}],"collection":[{"href":"https:\/\/www.radioluna.it\/news\/wp-json\/wp\/v2\/posts"}],"about":[{"href":"https:\/\/www.radioluna.it\/news\/wp-json\/wp\/v2\/types\/post"}],"author":[{"embeddable":true,"href":"https:\/\/www.radioluna.it\/news\/wp-json\/wp\/v2\/users\/60"}],"replies":[{"embeddable":true,"href":"https:\/\/www.radioluna.it\/news\/wp-json\/wp\/v2\/comments?post=350013"}],"version-history":[{"count":5,"href":"https:\/\/www.radioluna.it\/news\/wp-json\/wp\/v2\/posts\/350013\/revisions"}],"predecessor-version":[{"id":350036,"href":"https:\/\/www.radioluna.it\/news\/wp-json\/wp\/v2\/posts\/350013\/revisions\/350036"}],"wp:featuredmedia":[{"embeddable":true,"href":"https:\/\/www.radioluna.it\/news\/wp-json\/wp\/v2\/media\/350014"}],"wp:attachment":[{"href":"https:\/\/www.radioluna.it\/news\/wp-json\/wp\/v2\/media?parent=350013"}],"wp:term":[{"taxonomy":"category","embeddable":true,"href":"https:\/\/www.radioluna.it\/news\/wp-json\/wp\/v2\/categories?post=350013"},{"taxonomy":"post_tag","embeddable":true,"href":"https:\/\/www.radioluna.it\/news\/wp-json\/wp\/v2\/tags?post=350013"}],"curies":[{"name":"wp","href":"https:\/\/api.w.org\/{rel}","templated":true}]}}