{"id":350029,"date":"2024-04-09T15:41:30","date_gmt":"2024-04-09T13:41:30","guid":{"rendered":"https:\/\/www.radioluna.it\/news\/?p=350029"},"modified":"2024-04-09T15:41:30","modified_gmt":"2024-04-09T13:41:30","slug":"stefanelli-acqualatina-i-sindaci-intervengano-nella-gestione-per-contenere-le-tariffe","status":"publish","type":"post","link":"https:\/\/www.radioluna.it\/news\/2024\/04\/stefanelli-acqualatina-i-sindaci-intervengano-nella-gestione-per-contenere-le-tariffe\/","title":{"rendered":"Stefanelli: &#8220;Acqualatina, i sindaci intervengano nella gestione per contenere le tariffe&#8221;"},"content":{"rendered":"<div id=\"fb-root\"><\/div>\n<p style=\"text-align: justify;\"><strong>LATINA &#8211;<\/strong> In attesa dell\u2019elezione del nuovo Consiglio di amministrazione di Acqualatina \u2013 voto che si terr\u00e0 il 15 e 16 aprile \u2013 <strong>il Presidente della Provincia di Latina e di Egato 4, Gerardo Stefanelli<\/strong>, \u00e8 intervenuto per ricordare <strong>l\u2019importanza di sviluppare un rapporto pi\u00f9 solido tra la il Gestore del Sistema Idrico Integrato e i Sindaci dell\u2019Ato 4.<\/strong> &#8220;A conclusione dei sei anni di mandato &#8211; sottolinea Stefanelli, il nuovo Consiglio di amministrazione subentrer\u00e0 in un momento di transizione importantissimo per la qualit\u00e0 del Sistema Idrico, grazie anche ai 64 milioni di euro dei finanziamenti PNRR che potranno rendere pi\u00f9 sostenibile e moderna la gestione dell\u2019intera rete&#8221;. E sottolinea che l\u2019importanza del rapporto tra Gestore e sindaci dell\u2019Ato non \u00e8 da sottovalutare anche, e soprattutto, <strong>per la tutela degli interessi pubblici<\/strong>: &#8220;I costi inseriti nel Bilancio \u2013 e scaricati poi nelle tariffe degli utenti \u2013, infatti, sono accertati e votati proprio dall\u2019Assemblea dei sindaci. Acqualatina \u00e8 competenza dei sindaci: sono loro che <strong>hanno l\u2019onere di intervenire negli indirizzi inerenti alla gestione del servizio<\/strong> \u2013 continua Stefanelli \u2013. Intervenire in maniera pi\u00f9 efficace prima, attraverso un dialogo tra Gestore e sindaci e tenendo in considerazione gli strumenti che le leggi e lo Statuto della Societ\u00e0 mettono a disposizione,<strong> \u00e8 il modo migliore per contenere le tariffe<\/strong>.<\/p>\n<p style=\"text-align: justify;\">L&#8217;invito che appare anche com e un richiamo arriva mentre il territorio dell\u2019Ato 4 detiene ancora una delle posizioni pi\u00f9 basse della classifica nazionale in ordine a perdite e a recupero delle morosit\u00e0: \u201cLe trasformazioni che abbiamo davanti richiedono la presenza di un management solido, pronto ad aprire un dialogo con l\u2019Ufficio di Presidenza dell\u2019Egato 4. \u2013 aggiunge Stefanelli \u2013 Nei precedenti sei anni, il rapporto tra il Consiglio di amministrazione di Acqualatina e i sindaci dell\u2019Ato 4 \u00e8 stato completamente inesistente. I sindaci hanno avuto come unico interlocutore l\u2019Egato e sullo stesso hanno riposto esigenze e aspettative che avrebbero dovuto trovare risposta proprio nel Gestore\u201d.<\/p>\n","protected":false},"excerpt":{"rendered":"<p>LATINA &#8211; In attesa dell\u2019elezione del nuovo Consiglio di amministrazione di Acqualatina \u2013 voto che si terr\u00e0 il 15 e 16 aprile \u2013 il Presidente della Provincia di Latina e di Egato 4, Gerardo Stefanelli, \u00e8 intervenuto per ricordare l\u2019importanza di sviluppare un rapporto pi\u00f9 solido tra la il Gestore del Sistema Idrico Integrato e [&hellip;]<\/p>\n","protected":false},"author":62,"featured_media":303843,"comment_status":"open","ping_status":"open","sticky":false,"template":"","format":"standard","meta":{"footnotes":""},"categories":[8],"tags":[],"class_list":["post-350029","post","type-post","status-publish","format-standard","has-post-thumbnail","hentry","category-politica"],"_links":{"self":[{"href":"https:\/\/www.radioluna.it\/news\/wp-json\/wp\/v2\/posts\/350029","targetHints":{"allow":["GET"]}}],"collection":[{"href":"https:\/\/www.radioluna.it\/news\/wp-json\/wp\/v2\/posts"}],"about":[{"href":"https:\/\/www.radioluna.it\/news\/wp-json\/wp\/v2\/types\/post"}],"author":[{"embeddable":true,"href":"https:\/\/www.radioluna.it\/news\/wp-json\/wp\/v2\/users\/62"}],"replies":[{"embeddable":true,"href":"https:\/\/www.radioluna.it\/news\/wp-json\/wp\/v2\/comments?post=350029"}],"version-history":[{"count":1,"href":"https:\/\/www.radioluna.it\/news\/wp-json\/wp\/v2\/posts\/350029\/revisions"}],"predecessor-version":[{"id":350030,"href":"https:\/\/www.radioluna.it\/news\/wp-json\/wp\/v2\/posts\/350029\/revisions\/350030"}],"wp:featuredmedia":[{"embeddable":true,"href":"https:\/\/www.radioluna.it\/news\/wp-json\/wp\/v2\/media\/303843"}],"wp:attachment":[{"href":"https:\/\/www.radioluna.it\/news\/wp-json\/wp\/v2\/media?parent=350029"}],"wp:term":[{"taxonomy":"category","embeddable":true,"href":"https:\/\/www.radioluna.it\/news\/wp-json\/wp\/v2\/categories?post=350029"},{"taxonomy":"post_tag","embeddable":true,"href":"https:\/\/www.radioluna.it\/news\/wp-json\/wp\/v2\/tags?post=350029"}],"curies":[{"name":"wp","href":"https:\/\/api.w.org\/{rel}","templated":true}]}}