{"id":350074,"date":"2024-04-10T09:15:14","date_gmt":"2024-04-10T07:15:14","guid":{"rendered":"https:\/\/www.radioluna.it\/news\/?p=350074"},"modified":"2024-04-23T14:33:45","modified_gmt":"2024-04-23T12:33:45","slug":"a-formia-peter-ercolano-e-la-sua-vita-da-clown-missionario-del-sorriso","status":"publish","type":"post","link":"https:\/\/www.radioluna.it\/news\/2024\/04\/a-formia-peter-ercolano-e-la-sua-vita-da-clown-missionario-del-sorriso\/","title":{"rendered":"A Formia Peter Ercolano e la sua Vita da Clown missionario del sorriso"},"content":{"rendered":"<div id=\"fb-root\"><\/div>\n<p style=\"text-align: justify;\"><strong>FORMIA<\/strong> &#8211; Somenica 14 aprile (alle 18.30) al Teatro Iqbal Masih di Formia in Via Vitruvio va in scena \u201cVita da Clown\u201d (precedentemente intitolato \u201cLezioni di Clown\u201d) per la stagione teatrale \u201cSenza Sipario\u201d del Teatro Bertolt Brecht. In 60 minuti di &#8220;terapia del sorriso&#8221;, sketch, folli personaggi e interazione con il pubblico sull\u2019arte del clown presentati da Peter Ercolano con inserti video di alcuni sketch di Jango Edwards, considerato uno dei pi\u00f9 grandi clown del 20\u00b0 secolo scomparso ad agosto scorso. Peter, che dedica il suo spettacolo a Jango perch\u00e9 \u00e8 stato il suo partner storico ed insieme hanno formato un duo artistico per pi\u00f9 di 10 anni,\u00a0 sar\u00e0 affiancato dai suoi figli Lorenzo che suoner\u00e0 la batteria dal vivo durante tutto lo spettacolo e Cristina che parteciper\u00e0 ad uno degli sketch. Inoltre ci sar\u00e0 un cameo del pianista Massimo Anelli che eseguir\u00e0 un brano durante uno dei numeri dello spettacolo. Insomma la serata si prospetta come un evento unico.<\/p>\n<p style=\"text-align: justify;\">Sul palco anche Elvis in love, Roberto Facciadischifo, Pianista Rock and Roll, Maria casalinga frustrata, Juanita Banana ed altri.<\/p>\n<p style=\"text-align: justify;\">&#8220;Peter \u00e8 particolarmente affezionato al Teatro Iqbal Masih\u00a0 &#8211; sottolineano gli organizzatori &#8211;\u00a0 perch\u00e9 \u00e8 proprio sul palco del quel teatro (allora era il Teatro del Carmine) che lui, nel ormai lontano 1974 quindi mezzo secolo fa, a quindici anni, mosse i suoi primi passi da attore comico con il gruppo teatrale \u201cNuova Compagnia di Teatro Popolare\u201d poi divenuto \u201cGruppo di Iniziative Teatrali\u201d e successivamente \u201cCollettivo Teatrale Bertolt Brecht\u201d.<\/p>\n<p style=\"text-align: justify;\">\u201cVita da Clown\u201d poi sar\u00e0 in scena alla Mostra D\u2019Oltremare a Napoli il 10 Maggio nell\u2019ambito dello Smile Clown Festival (VI Raduno Nazionale di Clownterapia) organizzato dall\u2019associazione di clownterapia \u201cTeniamoci per Mano\u201d ONLUS che si svolge dal 10 al 12 Maggio e che vedr\u00e0 la partecipazione del famoso clown dottore Patch Adams. Peter, oltre a presentare il suo spettacolo nel quale sar\u00e0 affiancato dal Maestro d\u2019organetto Alessandro Parente con intermezzi musicali, terr\u00e0 un clown Master Class e sar\u00e0 presidente di giuria per un concorso di spettacoli clown che si svolger\u00e0 nei tre giorni del festival.<\/p>\n","protected":false},"excerpt":{"rendered":"<p>FORMIA &#8211; Somenica 14 aprile (alle 18.30) al Teatro Iqbal Masih di Formia in Via Vitruvio va in scena \u201cVita da Clown\u201d (precedentemente intitolato \u201cLezioni di Clown\u201d) per la stagione teatrale \u201cSenza Sipario\u201d del Teatro Bertolt Brecht. In 60 minuti di &#8220;terapia del sorriso&#8221;, sketch, folli personaggi e interazione con il pubblico sull\u2019arte del clown [&hellip;]<\/p>\n","protected":false},"author":62,"featured_media":350075,"comment_status":"open","ping_status":"open","sticky":false,"template":"","format":"standard","meta":{"footnotes":""},"categories":[16],"tags":[],"class_list":["post-350074","post","type-post","status-publish","format-standard","has-post-thumbnail","hentry","category-appuntamenti"],"_links":{"self":[{"href":"https:\/\/www.radioluna.it\/news\/wp-json\/wp\/v2\/posts\/350074","targetHints":{"allow":["GET"]}}],"collection":[{"href":"https:\/\/www.radioluna.it\/news\/wp-json\/wp\/v2\/posts"}],"about":[{"href":"https:\/\/www.radioluna.it\/news\/wp-json\/wp\/v2\/types\/post"}],"author":[{"embeddable":true,"href":"https:\/\/www.radioluna.it\/news\/wp-json\/wp\/v2\/users\/62"}],"replies":[{"embeddable":true,"href":"https:\/\/www.radioluna.it\/news\/wp-json\/wp\/v2\/comments?post=350074"}],"version-history":[{"count":4,"href":"https:\/\/www.radioluna.it\/news\/wp-json\/wp\/v2\/posts\/350074\/revisions"}],"predecessor-version":[{"id":350086,"href":"https:\/\/www.radioluna.it\/news\/wp-json\/wp\/v2\/posts\/350074\/revisions\/350086"}],"wp:featuredmedia":[{"embeddable":true,"href":"https:\/\/www.radioluna.it\/news\/wp-json\/wp\/v2\/media\/350075"}],"wp:attachment":[{"href":"https:\/\/www.radioluna.it\/news\/wp-json\/wp\/v2\/media?parent=350074"}],"wp:term":[{"taxonomy":"category","embeddable":true,"href":"https:\/\/www.radioluna.it\/news\/wp-json\/wp\/v2\/categories?post=350074"},{"taxonomy":"post_tag","embeddable":true,"href":"https:\/\/www.radioluna.it\/news\/wp-json\/wp\/v2\/tags?post=350074"}],"curies":[{"name":"wp","href":"https:\/\/api.w.org\/{rel}","templated":true}]}}