{"id":350126,"date":"2024-04-10T16:31:56","date_gmt":"2024-04-10T14:31:56","guid":{"rendered":"https:\/\/www.radioluna.it\/news\/?p=350126"},"modified":"2024-04-10T16:31:56","modified_gmt":"2024-04-10T14:31:56","slug":"celentano-al-blue-forum-di-gaeta-eco-scuole-latina-modello-per-diverse-citta-italiane","status":"publish","type":"post","link":"https:\/\/www.radioluna.it\/news\/2024\/04\/celentano-al-blue-forum-di-gaeta-eco-scuole-latina-modello-per-diverse-citta-italiane\/","title":{"rendered":"Celentano al Blue Forum di Gaeta: \u201cEco-scuole, Latina modello per diverse citt\u00e0 italiane\u201d"},"content":{"rendered":"<div id=\"fb-root\"><\/div>\n<p style=\"text-align: justify;\"><strong>LATINA &#8211; <\/strong><span>Il sindaco di Latina Matilde Celentano ha preso parte, insieme all&#8217;assessore all&#8217;Ambiente Franco Addonizio, \u00a0alla prima giornata del III Summit Nazionale sull\u2019Economia del mare Blue Forum, organizzato a Gaeta dalla Camera di Commercio di Frosinone e Latina. L\u2019iniziativa, partita oggi e che si concluder\u00e0 sabato 13 aprile, ha lo scopo di celebrare anche la \u201cGiornata nazionale del mare\u201d. <\/span><br \/>\n<span>\u00a0\u201cE\u2019 stata una bellissima esperienza di confronto tra istituzioni, imprenditori, associazioni e stakeholders sulle politiche di sviluppo legate al mare e alla sua crescita qualitativa\u201d, ha commentato la prima cittadina del capoluogo pontino \u201cIl mare \u2013 ha aggiunto il sindaco Celentano \u2013 \u00e8 una risorsa strategica per la provincia di Latina e per l\u2019intera Penisola. I temi affrontati nella giornata di oggi a Gaeta saranno fondamentali per la programmazione degli investimenti a livello nazionale nel triennio 2025-2027, partendo dal primo importante Piano del Mare del ministro Nello Musumeci, che affronta, in un\u2019ottica unitaria, i problemi legati alle dieci filiere che compongono l&#8217;economia del mare come nautica, crocieristica, cantieristica, sport e biologia marina. Ho molto apprezzato la presenza, prevista per domani, del ministro Musumeci, che gi\u00e0 il 16 febbraio scorso era intervenuto a Latina all\u2019evento Sorella Acqua \u2013 Stati generali del turismo e del mare, che ancora una volta ha mostrato attenzione al territorio pontino. \u201d. \u00a0 \u00a0<\/span><br \/>\n<span>In particolare, il sindaco di Latina ha preso parte a una tavola rotonda sul ruolo dell\u2019educazione ambientale, organizzato dal presidente della Fee Italia, Claudio Mazza. <\/span><br \/>\n<span>\u201cL\u2019iniziativa \u2013 ha spiegato la prima cittadina \u2013 era dedicata esclusivamente ai sindaci di alcune citt\u00e0 italiane, tra cui Latina, che nell\u2019ambito del riconoscimento della Bandiera Blu, si sono particolarmente distinte nella promozione dell\u2019educazione alla sostenibilit\u00e0 nelle scuole, attraverso il programma Eco-schools, meglio conosciuto come Bandiera Verde. Per me \u00e8 stato un orgoglio rappresentare la nostra citt\u00e0 in questo autorevole contesto. Al tavolo ho relazionato sui risultati ottenuti dal Comune di Latina in dieci anni di certificazioni Fee, Bandiera Blu e Bandiera Verde. Il programma Eco-Schools, partito con l\u2019adesione iniziale di tre plessi scolastici e che oggi ne conta 30, rappresenta la carta vincente per impedire che gli sforzi, gli investimenti, gli impegni assunti per l\u2019ottenimento della Bandiera blu non siano fini a se stessi, ma che alimentino la cultura della sostenibilit\u00e0 allo scopo di migliorare la qualit\u00e0 della vita nel presente e nel futuro\u201d. <\/span><br \/>\n<span>\u201cIl Comune di Latina, la cui esperienza \u00e8 stata presa a modello da altre citt\u00e0 italiane rivierasche, ha investito molto nel programma Eco-Schools, coinvolgendo non soltanto le scuole, quindi studenti, insegnanti e genitori, ma anche altri enti, come ad esempio la Asl, il Consorzio di Bonifica e la propria azienda speciale Abc, nell\u2019eduzione ambientale per la diffusione delle buone pratiche ambientali tra i giovani, le famiglie e i diversi stakeholders\u201d, ha aggiunto il sindaco Celentano, che ha sottolineato l\u2019obiettivo dell\u2019amministrazione comunale di voler aumentare il numero dei plessi certificati dalla Fee come Bandiera Verde, fino alla totale copertura. \u201cLatina deve diventare la citt\u00e0 delle eco-scuole. Stiamo a met\u00e0 percorso, ce la possiamo e dobbiamo fare\u201d, ha concluso il sindaco Celentano.<\/span><\/p>\n","protected":false},"excerpt":{"rendered":"<p>LATINA &#8211; Il sindaco di Latina Matilde Celentano ha preso parte, insieme all&#8217;assessore all&#8217;Ambiente Franco Addonizio, \u00a0alla prima giornata del III Summit Nazionale sull\u2019Economia del mare Blue Forum, organizzato a Gaeta dalla Camera di Commercio di Frosinone e Latina. L\u2019iniziativa, partita oggi e che si concluder\u00e0 sabato 13 aprile, ha lo scopo di celebrare anche [&hellip;]<\/p>\n","protected":false},"author":60,"featured_media":0,"comment_status":"open","ping_status":"open","sticky":false,"template":"","format":"standard","meta":{"footnotes":""},"categories":[8],"tags":[],"class_list":["post-350126","post","type-post","status-publish","format-standard","hentry","category-politica"],"_links":{"self":[{"href":"https:\/\/www.radioluna.it\/news\/wp-json\/wp\/v2\/posts\/350126","targetHints":{"allow":["GET"]}}],"collection":[{"href":"https:\/\/www.radioluna.it\/news\/wp-json\/wp\/v2\/posts"}],"about":[{"href":"https:\/\/www.radioluna.it\/news\/wp-json\/wp\/v2\/types\/post"}],"author":[{"embeddable":true,"href":"https:\/\/www.radioluna.it\/news\/wp-json\/wp\/v2\/users\/60"}],"replies":[{"embeddable":true,"href":"https:\/\/www.radioluna.it\/news\/wp-json\/wp\/v2\/comments?post=350126"}],"version-history":[{"count":0,"href":"https:\/\/www.radioluna.it\/news\/wp-json\/wp\/v2\/posts\/350126\/revisions"}],"wp:attachment":[{"href":"https:\/\/www.radioluna.it\/news\/wp-json\/wp\/v2\/media?parent=350126"}],"wp:term":[{"taxonomy":"category","embeddable":true,"href":"https:\/\/www.radioluna.it\/news\/wp-json\/wp\/v2\/categories?post=350126"},{"taxonomy":"post_tag","embeddable":true,"href":"https:\/\/www.radioluna.it\/news\/wp-json\/wp\/v2\/tags?post=350126"}],"curies":[{"name":"wp","href":"https:\/\/api.w.org\/{rel}","templated":true}]}}