{"id":350187,"date":"2024-04-11T15:37:45","date_gmt":"2024-04-11T13:37:45","guid":{"rendered":"https:\/\/www.radioluna.it\/news\/?p=350187"},"modified":"2024-04-23T14:34:25","modified_gmt":"2024-04-23T12:34:25","slug":"la-pattuglia-pontina-al-vinitaly-e-gli-eventi-di-confagricoltura-latina","status":"publish","type":"post","link":"https:\/\/www.radioluna.it\/news\/2024\/04\/la-pattuglia-pontina-al-vinitaly-e-gli-eventi-di-confagricoltura-latina\/","title":{"rendered":"La pattuglia pontina al Vinitaly e gli eventi di Confagricoltura Latina"},"content":{"rendered":"<div id=\"fb-root\"><\/div>\n<p style=\"text-align: justify;\"><strong>LATINA<\/strong> &#8211; L&#8217;attivit\u00e0 promozionale per la valorizzazione delle eccellenze vitivinicole pontine portata avanti da Confagricoltura Latina prosegue anche quest\u2019anno al Vinitaly di Verona. L\u2019organizzazione agricola sar\u00e0 protagonista all\u2019evento nazionale che richiama ogni anno migliaia di visitatori per quella che \u00e8 la pi\u00f9 importante fiera italiana del settore in particolare con due eventi in programma domenica 14 e luned\u00ec 15 aprile all\u2019interno dello stand di Confagricoltura Nazionale (Padiglione D, stand G-H-I),\u00a0 organizzati da Confagricoltura Latina, grazie alla partnership con l\u2019associazione La Strada del vino di Latina e al supporto tecnico dell\u2019Ais Lazio Delegazione di Latina, si terranno<\/p>\n<p style=\"text-align: justify;\"><strong>IL PROGRAMMA<\/strong> &#8211; Il 14 aprile, dalle ore 16.30 alle ore 17.30 \u201cEsperienze sensoriali\u201d con il Nero Buono: autoctono riscoperto; doppio appuntamento il 15 aprile, dalle ore 9.45 alle ore 10.45 con l\u2019incontro tecnico \u201cCome il clima cambia il vino\u201d (interverranno, nella veste di relatori, il presidente di Confagricoltura Latina Luigi Niccolini, Marco Carpineti presidente dell\u2019associazione Strada del Vino, il professor Vianello e il dottor agronomo Giovanni Pica di Arsial) e dalle ore 16.30 alle ore 17.30 con una vetrina sulle regioni dedicata al tema \u201cDalla costa all\u2019entroterra \u2013 dall\u2019Agro Pontino alla Ciociaria\u201d.<\/p>\n<p style=\"text-align: justify;\">Numerose le cantine pontine che saranno presenti nel corso degli eventi di Confagricoltura Latina: Cincinnato, Casale del Giglio, Pietra Pinta, Marco Carpineti, Villa Gianna, Donne del Vico, Donato Giangirolami, Casal De Luca, I Lori, Valle dell\u2019Usignolo, Filippi, Monti Cecubi, Fini, Artico, La Petricia Lazio Wine, Il Quadrifoglio, I Pampini. Saranno inoltre presenti alcune cantine della provincia di Frosinone: Casale della Ioria, Cantine Colle Gioie, Teresa Marletta, Luca Sbardella, Tommaso Spaziani, Fabio Marra, Giovanni Terenzi, L\u2019avventura, Pileum, Petrucca e Vela, Masseria Barone. I prodotti per le degustazioni sono offerti dalle aziende Societ\u00e0 Agricola Colle Paiolana- Mater Terra di Piergiorgio e Emanuela, Azienda Agricola Nonno Nicola di Centra Nicola e Azienda Nardi Laboratorio Gastronomico.<\/p>\n<p style=\"text-align: justify;\">\u201cIl progetto di valorizzazione delle eccellenze del territorio pontino prosegue anche quest\u2019anno al Vinitaly di Verona. Un appuntamento fisso per Confagricoltura e Confagricoltura Latina che ci spinge a ribadire il nostro impegno a supporto degli agricoltori del territorio e, ovviamente, dei loro vini straordinari. Un risultato importante reso possibile grazie al supporto di Confagricoltura nazionale che, come sempre, mette a disposizione delle imprese gli stand allestiti all\u2019interno di fiere internazionali, come \u00e8 il Vinitaly di Verona. \u201cIl programma di eventi, le degustazioni, i momenti di confronto \u2013 spiegano Luigi Niccolini e Mauro D\u2019Arcangeli, presidente e direttore di Confagricoltura Latina \u2013 rappresentano momenti importantissimi per la nostra organizzazione e per i produttori che hanno cos\u00ec modo di farsi conoscere e di parlare dei problemi, delle sfide e degli argomenti che interessano il settore. Vogliamo per questo ringraziare, oltre che Confagricoltura nazionale e lo staff di Confagricoltura Latina per il supporto, anche gli amici di Ais Lazio che ci sosterranno sul piano tecnico per le degustazioni con il sommelier di Ais Latina Umberto Trombelli che ci accompagna da sempre nel corso di questi appuntamenti, ringraziamo, inoltre, i rappresentanti de La Strada del Vino di Latina e soprattutto le cantine che ancora una volta hanno creduto nell\u2019importanza di queste manifestazioni e che hanno voluto presenziare mettendo a disposizione i loro vini migliori\u201d.<\/p>\n","protected":false},"excerpt":{"rendered":"<p>LATINA &#8211; L&#8217;attivit\u00e0 promozionale per la valorizzazione delle eccellenze vitivinicole pontine portata avanti da Confagricoltura Latina prosegue anche quest\u2019anno al Vinitaly di Verona. L\u2019organizzazione agricola sar\u00e0 protagonista all\u2019evento nazionale che richiama ogni anno migliaia di visitatori per quella che \u00e8 la pi\u00f9 importante fiera italiana del settore in particolare con due eventi in programma domenica [&hellip;]<\/p>\n","protected":false},"author":60,"featured_media":350188,"comment_status":"open","ping_status":"open","sticky":false,"template":"","format":"standard","meta":{"footnotes":""},"categories":[11],"tags":[],"class_list":["post-350187","post","type-post","status-publish","format-standard","has-post-thumbnail","hentry","category-economia"],"_links":{"self":[{"href":"https:\/\/www.radioluna.it\/news\/wp-json\/wp\/v2\/posts\/350187","targetHints":{"allow":["GET"]}}],"collection":[{"href":"https:\/\/www.radioluna.it\/news\/wp-json\/wp\/v2\/posts"}],"about":[{"href":"https:\/\/www.radioluna.it\/news\/wp-json\/wp\/v2\/types\/post"}],"author":[{"embeddable":true,"href":"https:\/\/www.radioluna.it\/news\/wp-json\/wp\/v2\/users\/60"}],"replies":[{"embeddable":true,"href":"https:\/\/www.radioluna.it\/news\/wp-json\/wp\/v2\/comments?post=350187"}],"version-history":[{"count":1,"href":"https:\/\/www.radioluna.it\/news\/wp-json\/wp\/v2\/posts\/350187\/revisions"}],"predecessor-version":[{"id":350189,"href":"https:\/\/www.radioluna.it\/news\/wp-json\/wp\/v2\/posts\/350187\/revisions\/350189"}],"wp:featuredmedia":[{"embeddable":true,"href":"https:\/\/www.radioluna.it\/news\/wp-json\/wp\/v2\/media\/350188"}],"wp:attachment":[{"href":"https:\/\/www.radioluna.it\/news\/wp-json\/wp\/v2\/media?parent=350187"}],"wp:term":[{"taxonomy":"category","embeddable":true,"href":"https:\/\/www.radioluna.it\/news\/wp-json\/wp\/v2\/categories?post=350187"},{"taxonomy":"post_tag","embeddable":true,"href":"https:\/\/www.radioluna.it\/news\/wp-json\/wp\/v2\/tags?post=350187"}],"curies":[{"name":"wp","href":"https:\/\/api.w.org\/{rel}","templated":true}]}}