{"id":350658,"date":"2024-04-17T16:13:36","date_gmt":"2024-04-17T14:13:36","guid":{"rendered":"https:\/\/www.radioluna.it\/news\/?p=350658"},"modified":"2024-04-17T16:13:36","modified_gmt":"2024-04-17T14:13:36","slug":"via-del-mare-completati-i-lavori-tra-borgo-grappa-e-rio-martino","status":"publish","type":"post","link":"https:\/\/www.radioluna.it\/news\/2024\/04\/via-del-mare-completati-i-lavori-tra-borgo-grappa-e-rio-martino\/","title":{"rendered":"Via del Mare, completati i lavori tra Borgo Grappa e Rio Martino"},"content":{"rendered":"<div id=\"fb-root\"><\/div>\n<p style=\"text-align: justify;\"><strong>LATINA &#8211;<\/strong> Completati gli interventi di rifacimento di via del Mare, tra Borgo Grappa e Rio Martino. Questa mattina il sindaco Matilde Celentano e il vicesindaco e assessore ai Lavori pubblici Massimiliano Carnevale hanno effettuato un sopralluogo sulla via, che da domani sar\u00e0 riaperta al traffico.<\/p>\n<p style=\"text-align: justify;\">\u201cIl rifacimento della strada era molto atteso dalla cittadinanza &#8211; dichiara il Sindaco Celentano &#8211; perch\u00e9 rappresenta una delle pi\u00f9 importanti vie di collegamento della citt\u00e0 con Borgo Grappa e la marina. I lavori completati oggi si vanno ad aggiungere a quelli gi\u00e0 effettuati su via Nascosa, nel tratto di via del Lido che va da via dell\u2019Agora al Ponte di Ferro, su parte di strada Corta, in via Monti, nella rotatoria di via Ezio e nella rotatoria di viale Le Corbusier, in via Migliata 41,5, in parte di strada del Saraceno e altre strade di Latina. Segno che la nostra amministrazione sta lavorando sulla sicurezza delle strade, partendo da quelle che presentavano condizioni peggiori\u201d.<\/p>\n<p style=\"text-align: justify;\">\u201cI lavori su via del Mare &#8211; afferma il vicesindaco Carnevale &#8211; hanno interessato circa un chilometro di strada. Si \u00e8 provveduto ad intervenire sulle radici degli alberi, per evitare che a stretto giro possa tornare la situazione precedente, con un intervento sull\u2019apparato radicale con barriera anti-radici, oltre al rifacimento integrale della strada che rappresenta un importante snodo di collegamento per tutto il territorio di Latina\u201d.<\/p>\n<div class=\"radio-posizionamento-telefono-in-articoli-dopo-il-contenuto-articolo radio-entity-placement\" id=\"radio-108193219\"><div id=\"radio-1705887247\"><a href=\"https:\/\/grupporedi.it\/\" aria-label=\"Redi-Qr\"><img loading=\"lazy\" decoding=\"async\" src=\"https:\/\/www.radioluna.it\/news\/wp-content\/uploads\/2026\/03\/Redi-Qr.jpg\" alt=\"\"  srcset=\"https:\/\/www.radioluna.it\/news\/wp-content\/uploads\/2026\/03\/Redi-Qr.jpg 800w, https:\/\/www.radioluna.it\/news\/wp-content\/uploads\/2026\/03\/Redi-Qr-768x639.jpg 768w\" sizes=\"(max-width: 800px) 100vw, 800px\" width=\"300\" height=\"250\"   \/><\/a><\/div><\/div>","protected":false},"excerpt":{"rendered":"<p>LATINA &#8211; Completati gli interventi di rifacimento di via del Mare, tra Borgo Grappa e Rio Martino. Questa mattina il sindaco Matilde Celentano e il vicesindaco e assessore ai Lavori pubblici Massimiliano Carnevale hanno effettuato un sopralluogo sulla via, che da domani sar\u00e0 riaperta al traffico. \u201cIl rifacimento della strada era molto atteso dalla cittadinanza [&hellip;]<\/p>\n","protected":false},"author":60,"featured_media":0,"comment_status":"open","ping_status":"open","sticky":false,"template":"","format":"standard","meta":{"footnotes":""},"categories":[8],"tags":[],"class_list":["post-350658","post","type-post","status-publish","format-standard","hentry","category-politica"],"_links":{"self":[{"href":"https:\/\/www.radioluna.it\/news\/wp-json\/wp\/v2\/posts\/350658","targetHints":{"allow":["GET"]}}],"collection":[{"href":"https:\/\/www.radioluna.it\/news\/wp-json\/wp\/v2\/posts"}],"about":[{"href":"https:\/\/www.radioluna.it\/news\/wp-json\/wp\/v2\/types\/post"}],"author":[{"embeddable":true,"href":"https:\/\/www.radioluna.it\/news\/wp-json\/wp\/v2\/users\/60"}],"replies":[{"embeddable":true,"href":"https:\/\/www.radioluna.it\/news\/wp-json\/wp\/v2\/comments?post=350658"}],"version-history":[{"count":0,"href":"https:\/\/www.radioluna.it\/news\/wp-json\/wp\/v2\/posts\/350658\/revisions"}],"wp:attachment":[{"href":"https:\/\/www.radioluna.it\/news\/wp-json\/wp\/v2\/media?parent=350658"}],"wp:term":[{"taxonomy":"category","embeddable":true,"href":"https:\/\/www.radioluna.it\/news\/wp-json\/wp\/v2\/categories?post=350658"},{"taxonomy":"post_tag","embeddable":true,"href":"https:\/\/www.radioluna.it\/news\/wp-json\/wp\/v2\/tags?post=350658"}],"curies":[{"name":"wp","href":"https:\/\/api.w.org\/{rel}","templated":true}]}}