{"id":350722,"date":"2024-04-18T19:34:34","date_gmt":"2024-04-18T17:34:34","guid":{"rendered":"https:\/\/www.radioluna.it\/news\/?p=350722"},"modified":"2024-04-18T19:34:39","modified_gmt":"2024-04-18T17:34:39","slug":"latina-sullutilizzo-del-dannunzio-il-pd-latina-annuncia-esposto-alla-corte-dei-conti","status":"publish","type":"post","link":"https:\/\/www.radioluna.it\/news\/2024\/04\/latina-sullutilizzo-del-dannunzio-il-pd-latina-annuncia-esposto-alla-corte-dei-conti\/","title":{"rendered":"Latina, sull&#8217;utilizzo del D&#8217;Annunzio il Pd Latina annuncia esposto alla Corte dei Conti"},"content":{"rendered":"<div id=\"fb-root\"><\/div>\n<p style=\"text-align: justify;\"><strong><img loading=\"lazy\" decoding=\"async\" class=\" wp-image-350723 alignleft\" src=\"https:\/\/www.radioluna.it\/news\/wp-content\/uploads\/2024\/04\/campagna-majocchi-fiore.jpeg\" alt=\"\" width=\"302\" height=\"226\" \/>LATINA<\/strong> &#8211; La capogruppo del Pd Latina Valeria Campagna (<em>nella foto a sinistra<\/em>) chiede di conoscere quali sono i criteri utilizzati dall&#8217;Amministrazione Celentano per determinare le modalit\u00e0 di utilizzo del Teatro D&#8217;Annunzio.\u00a0 E&#8217; stato questo \u00a0l&#8217;oggetto del question time che si \u00e8 tenuto questa mattina, nell\u2019ambito del quale sono state sollevate una serie di questioni riguardanti l&#8217;utilizzo della struttura comunale. In particolare, relativamente alle iniziative del 28 febbraio 2024 &#8220;Ci vuole un fisico bestiale&#8221; del \u00e8rof. Vincenzo Schettini, e del 29 febbraio 2024, ovvero il concerto dell\u2019associazione musicale Rossini di Latina dedicato all\u2019omonimo compositore. \u201cTroppe anomalie nel trattamento che il Comune di Latina ha riservato alle associazioni e alle realt\u00e0 che hanno richiesto l\u2019utilizzo del Teatro D\u2019Annunzio\u201d, commenta\u00a0 la consigliera comunale.<\/p>\n<p style=\"text-align: justify;\">Campagna chiede conto di quelle che definisce discriminazioni ingiustificate: \u201cCome mai nel primo caso, quello del prof. Schettini, sono state spese risorse comunali (9 mila euro) e nell\u2019altro caso, il concerto in ricordo di Rossini, \u00e8 stato richiesto il pagamento per l\u2019affitto del teatro? In generale, emerge una gestione del tutto discrezionale ed arbitraria degli eventi, come se l\u2019amministrazione decidesse di volta in volta in base a chiss\u00e0 quali criteri. Tra l\u2019altro, da quanto risulta, pare che gli studenti presenti allo spettacolo del prof. Schettini siano stati \u2018invitati\u2019 ad acquistare il libro del docente per ottenere il ticket di ingresso al teatro. Ecco perch\u00e9 &#8211; riprende &#8211; ho presentato istanza di accesso agli atti al fine di ottenere chiarezza riguardo alle modalit\u00e0 con cui \u00e8 stato concesso l&#8217;uso del teatro per gli eventi in questione. Nonch\u00e9, nel caso del primo evento, sull&#8217;acquisto delle copie del libro. Tuttavia, le risposte ottenute si sono rivelate insoddisfacenti e lacunose. Tra l\u2019altro \u2013 aggiunge &#8211; la situazione risulta ancor pi\u00f9 ambigua considerando che le risposte all&#8217;accesso agli atti sono controfirmate dall\u2019assessora Tesone, fatto assai inconsueto e che solleva ulteriori interrogativi\u201d. Campagna chiede che siano\u00a0 garantite\u00a0 &#8220;trasparenza e equit\u00e0 nell&#8217;utilizzo delle risorse pubbliche&#8221; e annuncia &#8220;un esposto alla Corte dei conti per accertare tutte le responsabilit\u00e0\u201d.<\/p>\n<div class=\"radio-posizionamento-telefono-in-articoli-dopo-il-contenuto-articolo radio-entity-placement\" id=\"radio-1644945301\"><div id=\"radio-1142678956\"><a href=\"https:\/\/www.simeoneceramiche.com\/\" aria-label=\"SIMEONE CERAMICHE GIF animata per radioluna_Tavola disegno 1 copia 2 (online-video-cutter.com)\"><img loading=\"lazy\" decoding=\"async\" src=\"https:\/\/www.radioluna.it\/news\/wp-content\/uploads\/2025\/05\/SIMEONE-CERAMICHE-GIF-animata-per-radioluna_Tavola-disegno-1-copia-2-online-video-cutter.com_.gif\" alt=\"\"  width=\"300\" height=\"250\"   \/><\/a><\/div><\/div>","protected":false},"excerpt":{"rendered":"<p>LATINA &#8211; La capogruppo del Pd Latina Valeria Campagna (nella foto a sinistra) chiede di conoscere quali sono i criteri utilizzati dall&#8217;Amministrazione Celentano per determinare le modalit\u00e0 di utilizzo del Teatro D&#8217;Annunzio.\u00a0 E&#8217; stato questo \u00a0l&#8217;oggetto del question time che si \u00e8 tenuto questa mattina, nell\u2019ambito del quale sono state sollevate una serie di questioni [&hellip;]<\/p>\n","protected":false},"author":62,"featured_media":220318,"comment_status":"open","ping_status":"open","sticky":false,"template":"","format":"standard","meta":{"footnotes":""},"categories":[8],"tags":[],"class_list":["post-350722","post","type-post","status-publish","format-standard","has-post-thumbnail","hentry","category-politica"],"_links":{"self":[{"href":"https:\/\/www.radioluna.it\/news\/wp-json\/wp\/v2\/posts\/350722","targetHints":{"allow":["GET"]}}],"collection":[{"href":"https:\/\/www.radioluna.it\/news\/wp-json\/wp\/v2\/posts"}],"about":[{"href":"https:\/\/www.radioluna.it\/news\/wp-json\/wp\/v2\/types\/post"}],"author":[{"embeddable":true,"href":"https:\/\/www.radioluna.it\/news\/wp-json\/wp\/v2\/users\/62"}],"replies":[{"embeddable":true,"href":"https:\/\/www.radioluna.it\/news\/wp-json\/wp\/v2\/comments?post=350722"}],"version-history":[{"count":1,"href":"https:\/\/www.radioluna.it\/news\/wp-json\/wp\/v2\/posts\/350722\/revisions"}],"predecessor-version":[{"id":350725,"href":"https:\/\/www.radioluna.it\/news\/wp-json\/wp\/v2\/posts\/350722\/revisions\/350725"}],"wp:featuredmedia":[{"embeddable":true,"href":"https:\/\/www.radioluna.it\/news\/wp-json\/wp\/v2\/media\/220318"}],"wp:attachment":[{"href":"https:\/\/www.radioluna.it\/news\/wp-json\/wp\/v2\/media?parent=350722"}],"wp:term":[{"taxonomy":"category","embeddable":true,"href":"https:\/\/www.radioluna.it\/news\/wp-json\/wp\/v2\/categories?post=350722"},{"taxonomy":"post_tag","embeddable":true,"href":"https:\/\/www.radioluna.it\/news\/wp-json\/wp\/v2\/tags?post=350722"}],"curies":[{"name":"wp","href":"https:\/\/api.w.org\/{rel}","templated":true}]}}