{"id":350741,"date":"2024-04-18T17:20:10","date_gmt":"2024-04-18T15:20:10","guid":{"rendered":"https:\/\/www.radioluna.it\/news\/?p=350741"},"modified":"2024-04-23T14:29:47","modified_gmt":"2024-04-23T12:29:47","slug":"sermoneta-al-museo-diocesano-darte-sacra-la-mostra-forme-dellinvisibile-di-emilia-isabella","status":"publish","type":"post","link":"https:\/\/www.radioluna.it\/news\/2024\/04\/sermoneta-al-museo-diocesano-darte-sacra-la-mostra-forme-dellinvisibile-di-emilia-isabella\/","title":{"rendered":"Sermoneta, al Museo diocesano d\u2019arte sacra la mostra Forme dell\u2019invisibile di Emilia Isabella"},"content":{"rendered":"<div id=\"fb-root\"><\/div>\n<p style=\"text-align: justify;\"><strong>SERMONETA<\/strong> &#8211; Venerd\u00ec 19 aprile si inaugura al Museo diocesano d\u2019arte sacra di Sermoneta la mostra Forme dell\u2019invisibile \u2013 Emilia Isabella, sculture e dipinti, una personale dell&#8217;artista locale che\u00a0 rientra nel ciclo Dialoghi contemporanei curato da Ferruccio Pantalfini e Vincenzo Scozzarella. La mostra, che sar\u00e0 aperta alle\u00a0 18, ha ricevuto il patrocinio e il sostegno della Regione Lazio e del Comune di Sermoneta.<\/p>\n<div id=\"attachment_350743\" style=\"width: 243px\" class=\"wp-caption alignright\"><img loading=\"lazy\" decoding=\"async\" aria-describedby=\"caption-attachment-350743\" class=\" wp-image-350743\" src=\"https:\/\/www.radioluna.it\/news\/wp-content\/uploads\/2024\/04\/EmiliaIsabella_scultura01-002.jpeg\" alt=\"\" width=\"233\" height=\"312\" srcset=\"https:\/\/www.radioluna.it\/news\/wp-content\/uploads\/2024\/04\/EmiliaIsabella_scultura01-002.jpeg 1277w, https:\/\/www.radioluna.it\/news\/wp-content\/uploads\/2024\/04\/EmiliaIsabella_scultura01-002-768x1031.jpeg 768w, https:\/\/www.radioluna.it\/news\/wp-content\/uploads\/2024\/04\/EmiliaIsabella_scultura01-002-1144x1536.jpeg 1144w\" sizes=\"auto, (max-width: 233px) 100vw, 233px\" \/><p id=\"caption-attachment-350743\" class=\"wp-caption-text\">btr<\/p><\/div>\n<p style=\"text-align: justify;\">\u00abA Emilia Isabella viene dedicata una mostra personale e antologica\u00bb, scrive nella presentazione lo stesso curatore Ferruccio Pantalfini, \u00abQuesta esposizione intende tratteggiare un \u201critratto\u201d dell\u2019artista riflesso nella sua produzione, i cui tratti attingono solo in parte alla natura, soprattutto alla materia (alle pietre e al marmo con le sue venature), alla geometria, al linguaggio astratto (come nella scrittura della musica; l\u2019artista inizia il suo percorso come musicista), alla bellezza di forme non figurative\u00bb.<\/p>\n<p>La mostra \u00e8 a ingresso libero e sar\u00e0 visitabile fino al 23 giugno prossimo, il venerd\u00ec (15.30-19.30); sabato, domenica e festivi (10.00-13.00; 15.30-19.30).<\/p>\n<p style=\"text-align: justify;\"><strong>L&#8217;ARTISTA<\/strong> &#8211; Emilia Isabella vive ed opera a Sermoneta. Da ragazza si diploma in pianoforte al Conservatorio di Santa Cecilia (Roma), poi segue corsi di composizione e direzione di musica polifonica. Dal 1958 inizia ad operare nel mondo delle arti visive. Si dedica alla pittura e partecipa a concorsi nazionali ed internazionali. Dal 1976 si applica anche alla scultura (marmo, travertino, pietra lavica, ferro) nel suo grande atelier nella campagna di Sermoneta.<\/p>\n<p style=\"text-align: justify;\">La rassegna\u00a0Dialoghi contemporanei\u00a0propone esposizioni temporanee, iniziata nel 2018, e mette a confronto tra loro il patrimonio artistico antico della collezione permanente del Museo diocesano d\u2019Arte sacra di Sermoneta e la produzione contemporanea di alcuni artisti selezionati. Ma pi\u00f9 a fondo indaga sul legame tra l\u2019arte contemporanea e la spiritualit\u00e0 o il sacro.<\/p>\n<div class=\"radio-posizionamento-telefono-in-articoli-dopo-il-contenuto-articolo radio-entity-placement\" id=\"radio-4288435855\"><div id=\"radio-72916305\"><a href=\"https:\/\/www.simeoneceramiche.com\/\" aria-label=\"SIMEONE CERAMICHE GIF animata per radioluna_Tavola disegno 1 copia 2 (online-video-cutter.com)\"><img loading=\"lazy\" decoding=\"async\" src=\"https:\/\/www.radioluna.it\/news\/wp-content\/uploads\/2025\/05\/SIMEONE-CERAMICHE-GIF-animata-per-radioluna_Tavola-disegno-1-copia-2-online-video-cutter.com_.gif\" alt=\"\"  width=\"300\" height=\"250\"   \/><\/a><\/div><\/div>","protected":false},"excerpt":{"rendered":"<p>SERMONETA &#8211; Venerd\u00ec 19 aprile si inaugura al Museo diocesano d\u2019arte sacra di Sermoneta la mostra Forme dell\u2019invisibile \u2013 Emilia Isabella, sculture e dipinti, una personale dell&#8217;artista locale che\u00a0 rientra nel ciclo Dialoghi contemporanei curato da Ferruccio Pantalfini e Vincenzo Scozzarella. La mostra, che sar\u00e0 aperta alle\u00a0 18, ha ricevuto il patrocinio e il sostegno [&hellip;]<\/p>\n","protected":false},"author":60,"featured_media":350742,"comment_status":"open","ping_status":"open","sticky":false,"template":"","format":"standard","meta":{"footnotes":""},"categories":[16],"tags":[],"class_list":["post-350741","post","type-post","status-publish","format-standard","has-post-thumbnail","hentry","category-appuntamenti"],"_links":{"self":[{"href":"https:\/\/www.radioluna.it\/news\/wp-json\/wp\/v2\/posts\/350741","targetHints":{"allow":["GET"]}}],"collection":[{"href":"https:\/\/www.radioluna.it\/news\/wp-json\/wp\/v2\/posts"}],"about":[{"href":"https:\/\/www.radioluna.it\/news\/wp-json\/wp\/v2\/types\/post"}],"author":[{"embeddable":true,"href":"https:\/\/www.radioluna.it\/news\/wp-json\/wp\/v2\/users\/60"}],"replies":[{"embeddable":true,"href":"https:\/\/www.radioluna.it\/news\/wp-json\/wp\/v2\/comments?post=350741"}],"version-history":[{"count":1,"href":"https:\/\/www.radioluna.it\/news\/wp-json\/wp\/v2\/posts\/350741\/revisions"}],"predecessor-version":[{"id":350744,"href":"https:\/\/www.radioluna.it\/news\/wp-json\/wp\/v2\/posts\/350741\/revisions\/350744"}],"wp:featuredmedia":[{"embeddable":true,"href":"https:\/\/www.radioluna.it\/news\/wp-json\/wp\/v2\/media\/350742"}],"wp:attachment":[{"href":"https:\/\/www.radioluna.it\/news\/wp-json\/wp\/v2\/media?parent=350741"}],"wp:term":[{"taxonomy":"category","embeddable":true,"href":"https:\/\/www.radioluna.it\/news\/wp-json\/wp\/v2\/categories?post=350741"},{"taxonomy":"post_tag","embeddable":true,"href":"https:\/\/www.radioluna.it\/news\/wp-json\/wp\/v2\/tags?post=350741"}],"curies":[{"name":"wp","href":"https:\/\/api.w.org\/{rel}","templated":true}]}}